{"id":345445,"date":"2025-01-15T13:02:15","date_gmt":"2025-01-15T10:02:15","guid":{"rendered":"https:\/\/sana.sy\/es\/?p=345445"},"modified":"2025-01-18T16:51:22","modified_gmt":"2025-01-18T13:51:22","slug":"alto-comisionado-de-las-naciones-unidas-para-los-derechos-humanos-inicia-visita-a-siria","status":"publish","type":"post","link":"https:\/\/archive.sana.sy\/es\/?p=345445","title":{"rendered":"Alto Comisionado de las Naciones Unidas para los Derechos Humanos inicia visita a Siria"},"content":{"rendered":"<p style=\"text-align: justify;\"><span style=\"color: #800000;\"><strong>Damasco, 15 ene (SANA)<\/strong>\u00a0 \u00a0<\/span>El l\u00edder de la nueva administraci\u00f3n siria, Ahmed al-Sharaa, recibi\u00f3 a una delegaci\u00f3n del Alto Comisionado de las Naciones Unidas para los Derechos Humanos, encabezada por Volker T\u00fcrk.<\/p>\n<div id='gallery-1' class='gallery galleryid-345445 gallery-columns-1 gallery-size-full'><figure class='gallery-item'>\n\t\t\t<div class='gallery-icon landscape'>\n\t\t\t\t<a href='https:\/\/archive.sana.sy\/es\/wp-content\/uploads\/2025\/01\/photo_2025-01-15_12-57-35.jpg'><img loading=\"lazy\" decoding=\"async\" width=\"1280\" height=\"718\" src=\"https:\/\/archive.sana.sy\/es\/wp-content\/uploads\/2025\/01\/photo_2025-01-15_12-57-35.jpg\" class=\"attachment-full size-full\" alt=\"\" srcset=\"https:\/\/archive.sana.sy\/es\/wp-content\/uploads\/2025\/01\/photo_2025-01-15_12-57-35.jpg 1280w, https:\/\/archive.sana.sy\/es\/wp-content\/uploads\/2025\/01\/photo_2025-01-15_12-57-35-300x168.jpg 300w, https:\/\/archive.sana.sy\/es\/wp-content\/uploads\/2025\/01\/photo_2025-01-15_12-57-35-1024x574.jpg 1024w, https:\/\/archive.sana.sy\/es\/wp-content\/uploads\/2025\/01\/photo_2025-01-15_12-57-35-150x84.jpg 150w, https:\/\/archive.sana.sy\/es\/wp-content\/uploads\/2025\/01\/photo_2025-01-15_12-57-35-768x431.jpg 768w\" sizes=\"(max-width: 1280px) 100vw, 1280px\" \/><\/a>\n\t\t\t<\/div><\/figure><figure class='gallery-item'>\n\t\t\t<div class='gallery-icon landscape'>\n\t\t\t\t<a href='https:\/\/archive.sana.sy\/es\/wp-content\/uploads\/2025\/01\/photo_2025-01-15_12-57-36-2.jpg'><img loading=\"lazy\" decoding=\"async\" width=\"1280\" height=\"718\" src=\"https:\/\/archive.sana.sy\/es\/wp-content\/uploads\/2025\/01\/photo_2025-01-15_12-57-36-2.jpg\" class=\"attachment-full size-full\" alt=\"\" srcset=\"https:\/\/archive.sana.sy\/es\/wp-content\/uploads\/2025\/01\/photo_2025-01-15_12-57-36-2.jpg 1280w, https:\/\/archive.sana.sy\/es\/wp-content\/uploads\/2025\/01\/photo_2025-01-15_12-57-36-2-300x168.jpg 300w, https:\/\/archive.sana.sy\/es\/wp-content\/uploads\/2025\/01\/photo_2025-01-15_12-57-36-2-1024x574.jpg 1024w, https:\/\/archive.sana.sy\/es\/wp-content\/uploads\/2025\/01\/photo_2025-01-15_12-57-36-2-150x84.jpg 150w, https:\/\/archive.sana.sy\/es\/wp-content\/uploads\/2025\/01\/photo_2025-01-15_12-57-36-2-768x431.jpg 768w\" sizes=\"(max-width: 1280px) 100vw, 1280px\" \/><\/a>\n\t\t\t<\/div><\/figure>\n\t\t<\/div>\n\n","protected":false},"excerpt":{"rendered":"<p>Damasco, 15 ene (SANA)\u00a0 \u00a0El l\u00edder de la nueva administraci\u00f3n siria, Ahmed al-Sharaa, recibi\u00f3 a una delegaci\u00f3n del Alto Comisionado de las Naciones Unidas para los Derechos Humanos, encabezada por Volker T\u00fcrk.<\/p>\n","protected":false},"author":35,"featured_media":345446,"comment_status":"closed","ping_status":"closed","sticky":false,"template":"","format":"standard","meta":{"footnotes":""},"categories":[477,447,597,20724,476,583],"tags":[],"class_list":["post-345445","post","type-post","status-publish","format-standard","has-post-thumbnail","","category-noticias-edulcorantes","category-local-politica","category-cinta-de-noticias","category-minuto-a-minuto","category-locales","category-slide"],"_links":{"self":[{"href":"https:\/\/archive.sana.sy\/es\/index.php?rest_route=\/wp\/v2\/posts\/345445"}],"collection":[{"href":"https:\/\/archive.sana.sy\/es\/index.php?rest_route=\/wp\/v2\/posts"}],"about":[{"href":"https:\/\/archive.sana.sy\/es\/index.php?rest_route=\/wp\/v2\/types\/post"}],"author":[{"embeddable":true,"href":"https:\/\/archive.sana.sy\/es\/index.php?rest_route=\/wp\/v2\/users\/35"}],"replies":[{"embeddable":true,"href":"https:\/\/archive.sana.sy\/es\/index.php?rest_route=%2Fwp%2Fv2%2Fcomments&post=345445"}],"version-history":[{"count":3,"href":"https:\/\/archive.sana.sy\/es\/index.php?rest_route=\/wp\/v2\/posts\/345445\/revisions"}],"predecessor-version":[{"id":345605,"href":"https:\/\/archive.sana.sy\/es\/index.php?rest_route=\/wp\/v2\/posts\/345445\/revisions\/345605"}],"wp:featuredmedia":[{"embeddable":true,"href":"https:\/\/archive.sana.sy\/es\/index.php?rest_route=\/wp\/v2\/media\/345446"}],"wp:attachment":[{"href":"https:\/\/archive.sana.sy\/es\/index.php?rest_route=%2Fwp%2Fv2%2Fmedia&parent=345445"}],"wp:term":[{"taxonomy":"category","embeddable":true,"href":"https:\/\/archive.sana.sy\/es\/index.php?rest_route=%2Fwp%2Fv2%2Fcategories&post=345445"},{"taxonomy":"post_tag","embeddable":true,"href":"https:\/\/archive.sana.sy\/es\/index.php?rest_route=%2Fwp%2Fv2%2Ftags&post=345445"}],"curies":[{"name":"wp","href":"https:\/\/api.w.org\/{rel}","templated":true}]}}