{"id":345473,"date":"2025-01-16T10:18:17","date_gmt":"2025-01-16T07:18:17","guid":{"rendered":"https:\/\/sana.sy\/es\/?p=345473"},"modified":"2025-01-18T16:49:33","modified_gmt":"2025-01-18T13:49:33","slug":"rueda-de-prensa-de-los-cancilleres-de-siria-y-turkiye","status":"publish","type":"post","link":"https:\/\/archive.sana.sy\/es\/?p=345473","title":{"rendered":"Rueda de Prensa de los cancilleres de Siria y Turkiye"},"content":{"rendered":"<p style=\"text-align: justify;\"><span style=\"color: #800000;\"><strong>Ankara, 16 ene (SANA)\u00a0<\/strong> <\/span>\u00a0El ministro sirio de Asuntos Exteriores, Asaad Al-Sheibani, dijo hoy la actual administraci\u00f3n trabajar\u00e1 para la construcci\u00f3n de una Siria que garantice los derechos de su pueblo y que est\u00e9 en estado de armon\u00eda con su entorno y el mundo, y recupere el rol internacional efectivo y positivo, lejos de las pol\u00edticas anteriores que convirtieron al pa\u00eds en reh\u00e9n de proyectos coloniales.<\/p>\n<p style=\"text-align: justify;\">Durante una conferencia de prensa con su hom\u00f3logo turco, Hakan Fidan, tras su reuni\u00f3n en Ankara, Al-Shaibani consider\u00f3 que Siria y Turqu\u00eda han iniciado una nueva historia y trabajar\u00e1n juntos para apoyar la seguridad y estabilidad en la regi\u00f3n.<\/p>\n<p style=\"text-align: justify;\">\u201cLos denominadores comunes entre los dos pa\u00edses nos impulsan a trabajar en el desarrollo continuo de las relaciones bilaterales, que ser\u00e1n testigos de un desarrollo pol\u00edtico y econ\u00f3mico que lograr\u00e1 bienestar, seguridad y estabilidad en Siria\u201d, afirm\u00f3.<\/p>\n<p style=\"text-align: justify;\">Seg\u00fan el Titular, se est\u00e1 trabajando para sanar las heridas sirias y unificar los esfuerzos externos e internos para construir un pa\u00eds que depende de instituciones y no de individuos, y que est\u00e9 comprometido con objetivos que sirvan al pueblo sirio.<\/p>\n<p style=\"text-align: justify;\">Revel\u00f3 que se trabaja para resolver los problemas de la regi\u00f3n nororiental del pa\u00eds a trav\u00e9s del di\u00e1logo y la negociaci\u00f3n, y esper\u00f3 resultados positivos tangibles en el futuro cercano.<\/p>\n<p style=\"text-align: justify;\">El pueblo sirio no aceptar\u00e1 la divisi\u00f3n, y no es l\u00f3gico aceptar ninguna instituci\u00f3n fuera de la administraci\u00f3n central. Este camino es necesario para restablecer la soberan\u00eda de Siria y rechazamos que Siria sea una plataforma para lanzar amenazas al vecino turco, asegur\u00f3 el jefe de la diplomacia.<\/p>\n<p style=\"text-align: justify;\">Por otro lado, revel\u00f3 que la Conferencia Nacional representar\u00e1 a todos los segmentos del pueblo y contar\u00e1 con aproximadamente 1.200 representantes.<\/p>\n<p style=\"text-align: justify;\">\u201cPor primera vez en Siria, las decisiones estrat\u00e9gicas ser\u00e1n tomadas por el pueblo y no por un segmento, y por primera vez, los sirios sentir\u00e1n que hay inter\u00e9s en saber y tomar su opini\u00f3n sobre su futuro y el futuro de su pa\u00eds\u201d, concluy\u00f3.<\/p>\n","protected":false},"excerpt":{"rendered":"<p>Ankara, 16 ene (SANA)\u00a0 \u00a0El ministro sirio de Asuntos Exteriores, Asaad Al-Sheibani, dijo hoy la actual administraci\u00f3n trabajar\u00e1 para la construcci\u00f3n de una Siria que garantice los derechos de su pueblo y que est\u00e9 en estado de armon\u00eda con su entorno y el mundo, y recupere el rol internacional efectivo y positivo, lejos de las &hellip;<\/p>\n","protected":false},"author":35,"featured_media":345474,"comment_status":"closed","ping_status":"closed","sticky":false,"template":"","format":"standard","meta":{"footnotes":""},"categories":[477,597,20724,467,7541],"tags":[],"class_list":["post-345473","post","type-post","status-publish","format-standard","has-post-thumbnail","","category-noticias-edulcorantes","category-cinta-de-noticias","category-minuto-a-minuto","category-siria-y-el-mundo","category-ultimas-noticias"],"_links":{"self":[{"href":"https:\/\/archive.sana.sy\/es\/index.php?rest_route=\/wp\/v2\/posts\/345473"}],"collection":[{"href":"https:\/\/archive.sana.sy\/es\/index.php?rest_route=\/wp\/v2\/posts"}],"about":[{"href":"https:\/\/archive.sana.sy\/es\/index.php?rest_route=\/wp\/v2\/types\/post"}],"author":[{"embeddable":true,"href":"https:\/\/archive.sana.sy\/es\/index.php?rest_route=\/wp\/v2\/users\/35"}],"replies":[{"embeddable":true,"href":"https:\/\/archive.sana.sy\/es\/index.php?rest_route=%2Fwp%2Fv2%2Fcomments&post=345473"}],"version-history":[{"count":3,"href":"https:\/\/archive.sana.sy\/es\/index.php?rest_route=\/wp\/v2\/posts\/345473\/revisions"}],"predecessor-version":[{"id":345598,"href":"https:\/\/archive.sana.sy\/es\/index.php?rest_route=\/wp\/v2\/posts\/345473\/revisions\/345598"}],"wp:featuredmedia":[{"embeddable":true,"href":"https:\/\/archive.sana.sy\/es\/index.php?rest_route=\/wp\/v2\/media\/345474"}],"wp:attachment":[{"href":"https:\/\/archive.sana.sy\/es\/index.php?rest_route=%2Fwp%2Fv2%2Fmedia&parent=345473"}],"wp:term":[{"taxonomy":"category","embeddable":true,"href":"https:\/\/archive.sana.sy\/es\/index.php?rest_route=%2Fwp%2Fv2%2Fcategories&post=345473"},{"taxonomy":"post_tag","embeddable":true,"href":"https:\/\/archive.sana.sy\/es\/index.php?rest_route=%2Fwp%2Fv2%2Ftags&post=345473"}],"curies":[{"name":"wp","href":"https:\/\/api.w.org\/{rel}","templated":true}]}}