{"id":345536,"date":"2025-01-17T13:32:50","date_gmt":"2025-01-17T10:32:50","guid":{"rendered":"https:\/\/sana.sy\/es\/?p=345536"},"modified":"2025-01-17T13:32:50","modified_gmt":"2025-01-17T10:32:50","slug":"primer-ministro-analiza-con-empresarios-sirios-la-situacion-economica-y-vias-para-mejorarla","status":"publish","type":"post","link":"https:\/\/archive.sana.sy\/es\/?p=345536","title":{"rendered":"Primer Ministro analiza con empresarios sirios la situaci\u00f3n econ\u00f3mica y v\u00edas para mejorarla"},"content":{"rendered":"<p><span style=\"color: #800000;\"><strong>Damasco, 17 ene (SANA)<\/strong><\/span> El primer ministro del gobierno interino, Mohammad al-Bashir, se reuni\u00f3 con varios empresarios sirios y examin\u00f3 con ellos formas de mejorar la situaci\u00f3n econ\u00f3mica y de inversi\u00f3n en Siria.<\/p>\n<p>ahs\/sm<\/p>\n<div id='gallery-1' class='gallery galleryid-345536 gallery-columns-1 gallery-size-full'><figure class='gallery-item'>\n\t\t\t<div class='gallery-icon landscape'>\n\t\t\t\t<a href='https:\/\/archive.sana.sy\/es\/wp-content\/uploads\/2025\/01\/Primer-Ministro-analiza-con-empresarios-sirios-la-situacion-economica-y-vias-para-mejorarla1.jpg'><img loading=\"lazy\" decoding=\"async\" width=\"1280\" height=\"853\" src=\"https:\/\/archive.sana.sy\/es\/wp-content\/uploads\/2025\/01\/Primer-Ministro-analiza-con-empresarios-sirios-la-situacion-economica-y-vias-para-mejorarla1.jpg\" class=\"attachment-full size-full\" alt=\"\" srcset=\"https:\/\/archive.sana.sy\/es\/wp-content\/uploads\/2025\/01\/Primer-Ministro-analiza-con-empresarios-sirios-la-situacion-economica-y-vias-para-mejorarla1.jpg 1280w, https:\/\/archive.sana.sy\/es\/wp-content\/uploads\/2025\/01\/Primer-Ministro-analiza-con-empresarios-sirios-la-situacion-economica-y-vias-para-mejorarla1-300x200.jpg 300w, https:\/\/archive.sana.sy\/es\/wp-content\/uploads\/2025\/01\/Primer-Ministro-analiza-con-empresarios-sirios-la-situacion-economica-y-vias-para-mejorarla1-1024x682.jpg 1024w, https:\/\/archive.sana.sy\/es\/wp-content\/uploads\/2025\/01\/Primer-Ministro-analiza-con-empresarios-sirios-la-situacion-economica-y-vias-para-mejorarla1-150x100.jpg 150w, https:\/\/archive.sana.sy\/es\/wp-content\/uploads\/2025\/01\/Primer-Ministro-analiza-con-empresarios-sirios-la-situacion-economica-y-vias-para-mejorarla1-768x512.jpg 768w\" sizes=\"(max-width: 1280px) 100vw, 1280px\" \/><\/a>\n\t\t\t<\/div><\/figure><figure class='gallery-item'>\n\t\t\t<div class='gallery-icon landscape'>\n\t\t\t\t<a href='https:\/\/archive.sana.sy\/es\/wp-content\/uploads\/2025\/01\/Primer-Ministro-analiza-con-empresarios-sirios-la-situacion-economica-y-vias-para-mejorarla2.jpg'><img loading=\"lazy\" decoding=\"async\" width=\"1280\" height=\"853\" src=\"https:\/\/archive.sana.sy\/es\/wp-content\/uploads\/2025\/01\/Primer-Ministro-analiza-con-empresarios-sirios-la-situacion-economica-y-vias-para-mejorarla2.jpg\" class=\"attachment-full size-full\" alt=\"\" srcset=\"https:\/\/archive.sana.sy\/es\/wp-content\/uploads\/2025\/01\/Primer-Ministro-analiza-con-empresarios-sirios-la-situacion-economica-y-vias-para-mejorarla2.jpg 1280w, https:\/\/archive.sana.sy\/es\/wp-content\/uploads\/2025\/01\/Primer-Ministro-analiza-con-empresarios-sirios-la-situacion-economica-y-vias-para-mejorarla2-300x200.jpg 300w, https:\/\/archive.sana.sy\/es\/wp-content\/uploads\/2025\/01\/Primer-Ministro-analiza-con-empresarios-sirios-la-situacion-economica-y-vias-para-mejorarla2-1024x682.jpg 1024w, https:\/\/archive.sana.sy\/es\/wp-content\/uploads\/2025\/01\/Primer-Ministro-analiza-con-empresarios-sirios-la-situacion-economica-y-vias-para-mejorarla2-150x100.jpg 150w, https:\/\/archive.sana.sy\/es\/wp-content\/uploads\/2025\/01\/Primer-Ministro-analiza-con-empresarios-sirios-la-situacion-economica-y-vias-para-mejorarla2-768x512.jpg 768w\" sizes=\"(max-width: 1280px) 100vw, 1280px\" \/><\/a>\n\t\t\t<\/div><\/figure>\n\t\t<\/div>\n\n","protected":false},"excerpt":{"rendered":"<p>Damasco, 17 ene (SANA) El primer ministro del gobierno interino, Mohammad al-Bashir, se reuni\u00f3 con varios empresarios sirios y examin\u00f3 con ellos formas de mejorar la situaci\u00f3n econ\u00f3mica y de inversi\u00f3n en Siria. ahs\/sm<\/p>\n","protected":false},"author":43,"featured_media":345539,"comment_status":"closed","ping_status":"closed","sticky":false,"template":"","format":"standard","meta":{"footnotes":""},"categories":[597,16686,456,20724,7541],"tags":[],"class_list":["post-345536","post","type-post","status-publish","format-standard","has-post-thumbnail","","category-cinta-de-noticias","category-economia","category-arabe-internacional-politica","category-minuto-a-minuto","category-ultimas-noticias"],"_links":{"self":[{"href":"https:\/\/archive.sana.sy\/es\/index.php?rest_route=\/wp\/v2\/posts\/345536"}],"collection":[{"href":"https:\/\/archive.sana.sy\/es\/index.php?rest_route=\/wp\/v2\/posts"}],"about":[{"href":"https:\/\/archive.sana.sy\/es\/index.php?rest_route=\/wp\/v2\/types\/post"}],"author":[{"embeddable":true,"href":"https:\/\/archive.sana.sy\/es\/index.php?rest_route=\/wp\/v2\/users\/43"}],"replies":[{"embeddable":true,"href":"https:\/\/archive.sana.sy\/es\/index.php?rest_route=%2Fwp%2Fv2%2Fcomments&post=345536"}],"version-history":[{"count":1,"href":"https:\/\/archive.sana.sy\/es\/index.php?rest_route=\/wp\/v2\/posts\/345536\/revisions"}],"predecessor-version":[{"id":345542,"href":"https:\/\/archive.sana.sy\/es\/index.php?rest_route=\/wp\/v2\/posts\/345536\/revisions\/345542"}],"wp:featuredmedia":[{"embeddable":true,"href":"https:\/\/archive.sana.sy\/es\/index.php?rest_route=\/wp\/v2\/media\/345539"}],"wp:attachment":[{"href":"https:\/\/archive.sana.sy\/es\/index.php?rest_route=%2Fwp%2Fv2%2Fmedia&parent=345536"}],"wp:term":[{"taxonomy":"category","embeddable":true,"href":"https:\/\/archive.sana.sy\/es\/index.php?rest_route=%2Fwp%2Fv2%2Fcategories&post=345536"},{"taxonomy":"post_tag","embeddable":true,"href":"https:\/\/archive.sana.sy\/es\/index.php?rest_route=%2Fwp%2Fv2%2Ftags&post=345536"}],"curies":[{"name":"wp","href":"https:\/\/api.w.org\/{rel}","templated":true}]}}