{"id":345538,"date":"2025-01-17T13:33:58","date_gmt":"2025-01-17T10:33:58","guid":{"rendered":"https:\/\/sana.sy\/es\/?p=345538"},"modified":"2025-01-17T13:33:58","modified_gmt":"2025-01-17T10:33:58","slug":"siria-y-oms-abordan-formas-de-fortalecer-cooperacion-en-esfera-de-salud","status":"publish","type":"post","link":"https:\/\/archive.sana.sy\/es\/?p=345538","title":{"rendered":"Siria y OMS abordan formas de fortalecer cooperaci\u00f3n en esfera de salud"},"content":{"rendered":"<p style=\"text-align: justify;\"><span style=\"color: #800000;\"><strong>Damasco, 17 ene (SANA)\u00a0<\/strong><\/span> El director de la Direcci\u00f3n de Planificaci\u00f3n y Cooperaci\u00f3n Internacional del Ministerio de Salud del gobierno interino, Zuhair Qarat, analiz\u00f3 con la representante de la Organizaci\u00f3n Mundial de la Salud (OMS) en Siria, Christina Bethke, y una delegaci\u00f3n de la oficina regional de la organizaci\u00f3n, formas de mejorar la cooperaci\u00f3n en materia de salud.<\/p>\n<p><img loading=\"lazy\" decoding=\"async\" class=\"size-medium wp-image-345544 alignright\" src=\"http:\/\/sana.sy\/es\/wp-content\/uploads\/2025\/01\/Siria-y-OMS-abordan-formas-de-fortalecer-cooperacion-en-esfera-de-salud1-300x174.jpeg\" alt=\"\" width=\"300\" height=\"174\" srcset=\"https:\/\/archive.sana.sy\/es\/wp-content\/uploads\/2025\/01\/Siria-y-OMS-abordan-formas-de-fortalecer-cooperacion-en-esfera-de-salud1-300x174.jpeg 300w, https:\/\/archive.sana.sy\/es\/wp-content\/uploads\/2025\/01\/Siria-y-OMS-abordan-formas-de-fortalecer-cooperacion-en-esfera-de-salud1-1024x595.jpeg 1024w, https:\/\/archive.sana.sy\/es\/wp-content\/uploads\/2025\/01\/Siria-y-OMS-abordan-formas-de-fortalecer-cooperacion-en-esfera-de-salud1-150x87.jpeg 150w, https:\/\/archive.sana.sy\/es\/wp-content\/uploads\/2025\/01\/Siria-y-OMS-abordan-formas-de-fortalecer-cooperacion-en-esfera-de-salud1-768x446.jpeg 768w, https:\/\/archive.sana.sy\/es\/wp-content\/uploads\/2025\/01\/Siria-y-OMS-abordan-formas-de-fortalecer-cooperacion-en-esfera-de-salud1.jpeg 1280w\" sizes=\"(max-width: 300px) 100vw, 300px\" \/><\/p>\n<p style=\"text-align: justify;\">Durante una reuni\u00f3n celebrada hoy en la sede del Ministerio en Damasco, las dos partes abordaron los \u00faltimos avances relacionados con la atenci\u00f3n primaria de salud en Siria, la situaci\u00f3n sanitaria y la determinaci\u00f3n de las prioridades de trabajo con el objetivo de aumentar la coordinaci\u00f3n entre Siria y el referido ente mundial.<\/p>\n<p style=\"text-align: justify;\">Por su parte, el titular sirio expres\u00f3 su agradecimiento al organismo mundial por su continuo apoyo al sector de la salud en Siria, destacando la necesidad de un compromiso conjunto para trabajar en las prioridades acordadas.<\/p>\n<p style=\"text-align: justify;\">Respecto a las prioridades del Ministerio, Qarat se\u00f1al\u00f3 que estas se concretan en la seguridad farmac\u00e9utica, los programas de tratamiento de enfermedades cr\u00f3nicas, el desarrollo y preservaci\u00f3n de los recursos humanos, alcanzar una cobertura sanitaria integral y la definici\u00f3n de un paquete de servicios de salud.<\/p>\n<p style=\"text-align: justify;\">A su vez, la funcionaria de la OMS se\u00f1al\u00f3 que la organizaci\u00f3n est\u00e1 cooperando con Siria para fortalecer la cadena de suministro m\u00e9dico al pa\u00eds, y est\u00e1 buscando en gran medida desarrollar la asociaci\u00f3n con Damasco en lo que respecta a la entrega de medicamentos y ayuda m\u00e9dica a los ciudadanos.<\/p>\n<p style=\"text-align: justify;\">Asimismo, enfatiz\u00f3 la importancia de continuar la cooperaci\u00f3n y coordinaci\u00f3n para implementar planes estrat\u00e9gicos y programas de salud que contribuyan a lograr una salud integral, apoyar al sector de la salud y mejorar las capacidades nacionales en diversos programas conjuntos de salud.<\/p>\n<p style=\"text-align: justify;\">sm<\/p>\n","protected":false},"excerpt":{"rendered":"<p>Damasco, 17 ene (SANA)\u00a0 El director de la Direcci\u00f3n de Planificaci\u00f3n y Cooperaci\u00f3n Internacional del Ministerio de Salud del gobierno interino, Zuhair Qarat, analiz\u00f3 con la representante de la Organizaci\u00f3n Mundial de la Salud (OMS) en Siria, Christina Bethke, y una delegaci\u00f3n de la oficina regional de la organizaci\u00f3n, formas de mejorar la cooperaci\u00f3n en &hellip;<\/p>\n","protected":false},"author":39,"featured_media":345543,"comment_status":"closed","ping_status":"closed","sticky":false,"template":"","format":"standard","meta":{"footnotes":""},"categories":[597,20724,467,7541],"tags":[],"class_list":["post-345538","post","type-post","status-publish","format-standard","has-post-thumbnail","","category-cinta-de-noticias","category-minuto-a-minuto","category-siria-y-el-mundo","category-ultimas-noticias"],"_links":{"self":[{"href":"https:\/\/archive.sana.sy\/es\/index.php?rest_route=\/wp\/v2\/posts\/345538"}],"collection":[{"href":"https:\/\/archive.sana.sy\/es\/index.php?rest_route=\/wp\/v2\/posts"}],"about":[{"href":"https:\/\/archive.sana.sy\/es\/index.php?rest_route=\/wp\/v2\/types\/post"}],"author":[{"embeddable":true,"href":"https:\/\/archive.sana.sy\/es\/index.php?rest_route=\/wp\/v2\/users\/39"}],"replies":[{"embeddable":true,"href":"https:\/\/archive.sana.sy\/es\/index.php?rest_route=%2Fwp%2Fv2%2Fcomments&post=345538"}],"version-history":[{"count":1,"href":"https:\/\/archive.sana.sy\/es\/index.php?rest_route=\/wp\/v2\/posts\/345538\/revisions"}],"predecessor-version":[{"id":345545,"href":"https:\/\/archive.sana.sy\/es\/index.php?rest_route=\/wp\/v2\/posts\/345538\/revisions\/345545"}],"wp:featuredmedia":[{"embeddable":true,"href":"https:\/\/archive.sana.sy\/es\/index.php?rest_route=\/wp\/v2\/media\/345543"}],"wp:attachment":[{"href":"https:\/\/archive.sana.sy\/es\/index.php?rest_route=%2Fwp%2Fv2%2Fmedia&parent=345538"}],"wp:term":[{"taxonomy":"category","embeddable":true,"href":"https:\/\/archive.sana.sy\/es\/index.php?rest_route=%2Fwp%2Fv2%2Fcategories&post=345538"},{"taxonomy":"post_tag","embeddable":true,"href":"https:\/\/archive.sana.sy\/es\/index.php?rest_route=%2Fwp%2Fv2%2Ftags&post=345538"}],"curies":[{"name":"wp","href":"https:\/\/api.w.org\/{rel}","templated":true}]}}