{"id":345561,"date":"2025-01-17T16:33:18","date_gmt":"2025-01-17T13:33:18","guid":{"rendered":"https:\/\/sana.sy\/es\/?p=345561"},"modified":"2025-01-17T16:33:18","modified_gmt":"2025-01-17T13:33:18","slug":"siria-y-turkiye-analizan-cooperacion-en-materia-de-educacion-superior-e-investigacion-cientifica","status":"publish","type":"post","link":"https:\/\/archive.sana.sy\/es\/?p=345561","title":{"rendered":"Siria y Turkiye analizan cooperaci\u00f3n en materia de Educaci\u00f3n Superior e Investigaci\u00f3n Cient\u00edfica"},"content":{"rendered":"<p><span style=\"color: #800000;\"><strong>Damasco, 17 ene (SANA)<\/strong><\/span> El ministro de Educaci\u00f3n Superior e Investigaci\u00f3n Cient\u00edfica, Abdul Moneim Abdul Hafez, se reuni\u00f3 con el encargado de Negocios de la Embajada de Turkiye en Damasco, embajador Burhan Koroglu.<\/p>\n<p>Durante la reuni\u00f3n, ambas partes examinaron la cooperaci\u00f3n en el campo de la educaci\u00f3n superior y la investigaci\u00f3n cient\u00edfica.<\/p>\n<p>ahs\/sm<\/p>\n<div id='gallery-1' class='gallery galleryid-345561 gallery-columns-1 gallery-size-full'><figure class='gallery-item'>\n\t\t\t<div class='gallery-icon landscape'>\n\t\t\t\t<a href='https:\/\/archive.sana.sy\/es\/wp-content\/uploads\/2025\/01\/Siria-y-Turkiye-analizan-cooperacion-en-materia-de-Educacion-Superior-e-Investigacion-Cientifica2-1.jpg'><img loading=\"lazy\" decoding=\"async\" width=\"1280\" height=\"853\" src=\"https:\/\/archive.sana.sy\/es\/wp-content\/uploads\/2025\/01\/Siria-y-Turkiye-analizan-cooperacion-en-materia-de-Educacion-Superior-e-Investigacion-Cientifica2-1.jpg\" class=\"attachment-full size-full\" alt=\"\" srcset=\"https:\/\/archive.sana.sy\/es\/wp-content\/uploads\/2025\/01\/Siria-y-Turkiye-analizan-cooperacion-en-materia-de-Educacion-Superior-e-Investigacion-Cientifica2-1.jpg 1280w, https:\/\/archive.sana.sy\/es\/wp-content\/uploads\/2025\/01\/Siria-y-Turkiye-analizan-cooperacion-en-materia-de-Educacion-Superior-e-Investigacion-Cientifica2-1-300x200.jpg 300w, https:\/\/archive.sana.sy\/es\/wp-content\/uploads\/2025\/01\/Siria-y-Turkiye-analizan-cooperacion-en-materia-de-Educacion-Superior-e-Investigacion-Cientifica2-1-1024x682.jpg 1024w, https:\/\/archive.sana.sy\/es\/wp-content\/uploads\/2025\/01\/Siria-y-Turkiye-analizan-cooperacion-en-materia-de-Educacion-Superior-e-Investigacion-Cientifica2-1-150x100.jpg 150w, https:\/\/archive.sana.sy\/es\/wp-content\/uploads\/2025\/01\/Siria-y-Turkiye-analizan-cooperacion-en-materia-de-Educacion-Superior-e-Investigacion-Cientifica2-1-768x512.jpg 768w\" sizes=\"(max-width: 1280px) 100vw, 1280px\" \/><\/a>\n\t\t\t<\/div><\/figure><figure class='gallery-item'>\n\t\t\t<div class='gallery-icon landscape'>\n\t\t\t\t<a href='https:\/\/archive.sana.sy\/es\/wp-content\/uploads\/2025\/01\/Siria-y-Turkiye-analizan-cooperacion-en-materia-de-Educacion-Superior-e-Investigacion-Cientifica1-1.jpg'><img loading=\"lazy\" decoding=\"async\" width=\"1280\" height=\"853\" src=\"https:\/\/archive.sana.sy\/es\/wp-content\/uploads\/2025\/01\/Siria-y-Turkiye-analizan-cooperacion-en-materia-de-Educacion-Superior-e-Investigacion-Cientifica1-1.jpg\" class=\"attachment-full size-full\" alt=\"\" srcset=\"https:\/\/archive.sana.sy\/es\/wp-content\/uploads\/2025\/01\/Siria-y-Turkiye-analizan-cooperacion-en-materia-de-Educacion-Superior-e-Investigacion-Cientifica1-1.jpg 1280w, https:\/\/archive.sana.sy\/es\/wp-content\/uploads\/2025\/01\/Siria-y-Turkiye-analizan-cooperacion-en-materia-de-Educacion-Superior-e-Investigacion-Cientifica1-1-300x200.jpg 300w, https:\/\/archive.sana.sy\/es\/wp-content\/uploads\/2025\/01\/Siria-y-Turkiye-analizan-cooperacion-en-materia-de-Educacion-Superior-e-Investigacion-Cientifica1-1-1024x682.jpg 1024w, https:\/\/archive.sana.sy\/es\/wp-content\/uploads\/2025\/01\/Siria-y-Turkiye-analizan-cooperacion-en-materia-de-Educacion-Superior-e-Investigacion-Cientifica1-1-150x100.jpg 150w, https:\/\/archive.sana.sy\/es\/wp-content\/uploads\/2025\/01\/Siria-y-Turkiye-analizan-cooperacion-en-materia-de-Educacion-Superior-e-Investigacion-Cientifica1-1-768x512.jpg 768w\" sizes=\"(max-width: 1280px) 100vw, 1280px\" \/><\/a>\n\t\t\t<\/div><\/figure>\n\t\t<\/div>\n\n","protected":false},"excerpt":{"rendered":"<p>Damasco, 17 ene (SANA) El ministro de Educaci\u00f3n Superior e Investigaci\u00f3n Cient\u00edfica, Abdul Moneim Abdul Hafez, se reuni\u00f3 con el encargado de Negocios de la Embajada de Turkiye en Damasco, embajador Burhan Koroglu. Durante la reuni\u00f3n, ambas partes examinaron la cooperaci\u00f3n en el campo de la educaci\u00f3n superior y la investigaci\u00f3n cient\u00edfica. ahs\/sm<\/p>\n","protected":false},"author":43,"featured_media":345562,"comment_status":"closed","ping_status":"closed","sticky":false,"template":"","format":"standard","meta":{"footnotes":""},"categories":[597,20724,467,7541],"tags":[],"class_list":["post-345561","post","type-post","status-publish","format-standard","has-post-thumbnail","","category-cinta-de-noticias","category-minuto-a-minuto","category-siria-y-el-mundo","category-ultimas-noticias"],"_links":{"self":[{"href":"https:\/\/archive.sana.sy\/es\/index.php?rest_route=\/wp\/v2\/posts\/345561"}],"collection":[{"href":"https:\/\/archive.sana.sy\/es\/index.php?rest_route=\/wp\/v2\/posts"}],"about":[{"href":"https:\/\/archive.sana.sy\/es\/index.php?rest_route=\/wp\/v2\/types\/post"}],"author":[{"embeddable":true,"href":"https:\/\/archive.sana.sy\/es\/index.php?rest_route=\/wp\/v2\/users\/43"}],"replies":[{"embeddable":true,"href":"https:\/\/archive.sana.sy\/es\/index.php?rest_route=%2Fwp%2Fv2%2Fcomments&post=345561"}],"version-history":[{"count":1,"href":"https:\/\/archive.sana.sy\/es\/index.php?rest_route=\/wp\/v2\/posts\/345561\/revisions"}],"predecessor-version":[{"id":345567,"href":"https:\/\/archive.sana.sy\/es\/index.php?rest_route=\/wp\/v2\/posts\/345561\/revisions\/345567"}],"wp:featuredmedia":[{"embeddable":true,"href":"https:\/\/archive.sana.sy\/es\/index.php?rest_route=\/wp\/v2\/media\/345562"}],"wp:attachment":[{"href":"https:\/\/archive.sana.sy\/es\/index.php?rest_route=%2Fwp%2Fv2%2Fmedia&parent=345561"}],"wp:term":[{"taxonomy":"category","embeddable":true,"href":"https:\/\/archive.sana.sy\/es\/index.php?rest_route=%2Fwp%2Fv2%2Fcategories&post=345561"},{"taxonomy":"post_tag","embeddable":true,"href":"https:\/\/archive.sana.sy\/es\/index.php?rest_route=%2Fwp%2Fv2%2Ftags&post=345561"}],"curies":[{"name":"wp","href":"https:\/\/api.w.org\/{rel}","templated":true}]}}