{"id":345575,"date":"2025-01-18T09:58:49","date_gmt":"2025-01-18T06:58:49","guid":{"rendered":"https:\/\/sana.sy\/es\/?p=345575"},"modified":"2025-01-18T16:48:48","modified_gmt":"2025-01-18T13:48:48","slug":"lideres-de-siria-y-eau-abordan-vias-de-impulsar-relaciones-bilaterales","status":"publish","type":"post","link":"https:\/\/archive.sana.sy\/es\/?p=345575","title":{"rendered":"L\u00edderes de Siria y EAU abordan v\u00edas de impulsar relaciones bilaterales"},"content":{"rendered":"<p style=\"text-align: justify;\"><strong><span style=\"color: #800000;\">Damasco, 18 ene (SANA)<\/span> <\/strong>El jefe de la nueva autoridad siria, Ahmed Al-Sharaa, sostuvo una conversaci\u00f3n telef\u00f3nica con Su Alteza el Jeque Mohammed bin Zayed Al Nahyan, presidente de los Emiratos \u00c1rabes Unidos.<\/p>\n<p style=\"text-align: justify;\">Las dos partes repasaron las formas de impulsar las relaciones bilaterales entre los dos pa\u00edses en manera que favorezca a los intereses comunes.<\/p>\n<p style=\"text-align: justify;\">Subrayaron la importancia de la coordinaci\u00f3n continua y de intensificar los esfuerzos para apoyar al pueblo sirio y proteger su integridad territorial.<\/p>\n<p style=\"text-align: justify;\">Manifestaron su compromiso con el trabajo conjunto para lograr la estabilidad y el desarrollo en la regi\u00f3n.<\/p>\n","protected":false},"excerpt":{"rendered":"<p>Damasco, 18 ene (SANA) El jefe de la nueva autoridad siria, Ahmed Al-Sharaa, sostuvo una conversaci\u00f3n telef\u00f3nica con Su Alteza el Jeque Mohammed bin Zayed Al Nahyan, presidente de los Emiratos \u00c1rabes Unidos. Las dos partes repasaron las formas de impulsar las relaciones bilaterales entre los dos pa\u00edses en manera que favorezca a los intereses &hellip;<\/p>\n","protected":false},"author":32,"featured_media":345576,"comment_status":"closed","ping_status":"closed","sticky":false,"template":"","format":"standard","meta":{"footnotes":""},"categories":[597,20724,467,583,7541],"tags":[],"class_list":["post-345575","post","type-post","status-publish","format-standard","has-post-thumbnail","","category-cinta-de-noticias","category-minuto-a-minuto","category-siria-y-el-mundo","category-slide","category-ultimas-noticias"],"_links":{"self":[{"href":"https:\/\/archive.sana.sy\/es\/index.php?rest_route=\/wp\/v2\/posts\/345575"}],"collection":[{"href":"https:\/\/archive.sana.sy\/es\/index.php?rest_route=\/wp\/v2\/posts"}],"about":[{"href":"https:\/\/archive.sana.sy\/es\/index.php?rest_route=\/wp\/v2\/types\/post"}],"author":[{"embeddable":true,"href":"https:\/\/archive.sana.sy\/es\/index.php?rest_route=\/wp\/v2\/users\/32"}],"replies":[{"embeddable":true,"href":"https:\/\/archive.sana.sy\/es\/index.php?rest_route=%2Fwp%2Fv2%2Fcomments&post=345575"}],"version-history":[{"count":3,"href":"https:\/\/archive.sana.sy\/es\/index.php?rest_route=\/wp\/v2\/posts\/345575\/revisions"}],"predecessor-version":[{"id":345597,"href":"https:\/\/archive.sana.sy\/es\/index.php?rest_route=\/wp\/v2\/posts\/345575\/revisions\/345597"}],"wp:featuredmedia":[{"embeddable":true,"href":"https:\/\/archive.sana.sy\/es\/index.php?rest_route=\/wp\/v2\/media\/345576"}],"wp:attachment":[{"href":"https:\/\/archive.sana.sy\/es\/index.php?rest_route=%2Fwp%2Fv2%2Fmedia&parent=345575"}],"wp:term":[{"taxonomy":"category","embeddable":true,"href":"https:\/\/archive.sana.sy\/es\/index.php?rest_route=%2Fwp%2Fv2%2Fcategories&post=345575"},{"taxonomy":"post_tag","embeddable":true,"href":"https:\/\/archive.sana.sy\/es\/index.php?rest_route=%2Fwp%2Fv2%2Ftags&post=345575"}],"curies":[{"name":"wp","href":"https:\/\/api.w.org\/{rel}","templated":true}]}}