{"id":345585,"date":"2025-01-18T14:36:18","date_gmt":"2025-01-18T11:36:18","guid":{"rendered":"https:\/\/sana.sy\/es\/?p=345585"},"modified":"2025-01-18T16:48:39","modified_gmt":"2025-01-18T13:48:39","slug":"lanzan-campana-para-embellecer-la-ciudad-de-damasco-y-reforzar-el-espiritu-comunitario","status":"publish","type":"post","link":"https:\/\/archive.sana.sy\/es\/?p=345585","title":{"rendered":"Lanzan campa\u00f1a para embellecer la Ciudad de Damasco y reforzar el esp\u00edritu comunitario"},"content":{"rendered":"<p style=\"text-align: justify;\"><strong><span style=\"color: #800000;\">Damasco, 18 ene (SANA)<\/span>\u00a0<\/strong> El gobernador de la Ciudad de Damasco, Maher Mohammed Marwan, anunci\u00f3 hoy el lanzamiento de las actividades de la campa\u00f1a \u201cEstamos de vuelta, Damasco\u201d, que tiene como objetivo embellecer la capital, Damasco, y mejorar los servicios p\u00fablicos en la misma.<\/p>\n<p style=\"text-align: justify;\">La Gobernaci\u00f3n de Damasco explic\u00f3 en su canal de Telegram, que la campa\u00f1a es protagonizada por m\u00e1s de 30 equipos de voluntarios, asociaciones e instituciones, e incluye una serie de actividades de servicio y embellecimiento para mejorar el paisaje urbano de Damasco y mejorar el esp\u00edritu comunitario entre sus residentes.<\/p>\n<p style=\"text-align: justify;\">En unas palabras pronunciadas durante el acto de lanzamiento de la campa\u00f1a, el Gobernador destac\u00f3 la importancia de concertar esfuerzos entre las instituciones oficiales y la comunidad local para lograr los objetivos de la campa\u00f1a.<\/p>\n<p style=\"text-align: justify;\">Elogi\u00f3 el papel eficaz de los equipos de voluntarios y las asociaciones participantes en la encarnaci\u00f3n de los valores de trabajo en equipo al servicio de la ciudad antigua.<\/p>\n<p style=\"text-align: justify;\">\u201cEstamos de vuelta, Damasco\u201d no es s\u00f3lo una campa\u00f1a, sino m\u00e1s bien un llamado a regresar a la autenticidad y belleza de Damasco, y una celebraci\u00f3n de su antigua herencia y su brillante presente\u201d afirm\u00f3 el funcionario.<\/p>\n<div id='gallery-1' class='gallery galleryid-345585 gallery-columns-1 gallery-size-full'><figure class='gallery-item'>\n\t\t\t<div class='gallery-icon landscape'>\n\t\t\t\t<a href='https:\/\/archive.sana.sy\/es\/wp-content\/uploads\/2025\/01\/00-10.jpg'><img loading=\"lazy\" decoding=\"async\" width=\"660\" height=\"371\" src=\"https:\/\/archive.sana.sy\/es\/wp-content\/uploads\/2025\/01\/00-10.jpg\" class=\"attachment-full size-full\" alt=\"\" srcset=\"https:\/\/archive.sana.sy\/es\/wp-content\/uploads\/2025\/01\/00-10.jpg 660w, https:\/\/archive.sana.sy\/es\/wp-content\/uploads\/2025\/01\/00-10-300x169.jpg 300w, https:\/\/archive.sana.sy\/es\/wp-content\/uploads\/2025\/01\/00-10-150x84.jpg 150w\" sizes=\"(max-width: 660px) 100vw, 660px\" \/><\/a>\n\t\t\t<\/div><\/figure><figure class='gallery-item'>\n\t\t\t<div class='gallery-icon landscape'>\n\t\t\t\t<a href='https:\/\/archive.sana.sy\/es\/wp-content\/uploads\/2025\/01\/0000-2.jpg'><img loading=\"lazy\" decoding=\"async\" width=\"660\" height=\"371\" src=\"https:\/\/archive.sana.sy\/es\/wp-content\/uploads\/2025\/01\/0000-2.jpg\" class=\"attachment-full size-full\" alt=\"\" srcset=\"https:\/\/archive.sana.sy\/es\/wp-content\/uploads\/2025\/01\/0000-2.jpg 660w, https:\/\/archive.sana.sy\/es\/wp-content\/uploads\/2025\/01\/0000-2-300x169.jpg 300w, https:\/\/archive.sana.sy\/es\/wp-content\/uploads\/2025\/01\/0000-2-150x84.jpg 150w\" sizes=\"(max-width: 660px) 100vw, 660px\" \/><\/a>\n\t\t\t<\/div><\/figure><figure class='gallery-item'>\n\t\t\t<div class='gallery-icon landscape'>\n\t\t\t\t<a href='https:\/\/archive.sana.sy\/es\/wp-content\/uploads\/2025\/01\/0-19.jpg'><img loading=\"lazy\" decoding=\"async\" width=\"660\" height=\"371\" src=\"https:\/\/archive.sana.sy\/es\/wp-content\/uploads\/2025\/01\/0-19.jpg\" class=\"attachment-full size-full\" alt=\"\" srcset=\"https:\/\/archive.sana.sy\/es\/wp-content\/uploads\/2025\/01\/0-19.jpg 660w, https:\/\/archive.sana.sy\/es\/wp-content\/uploads\/2025\/01\/0-19-300x169.jpg 300w, https:\/\/archive.sana.sy\/es\/wp-content\/uploads\/2025\/01\/0-19-150x84.jpg 150w\" sizes=\"(max-width: 660px) 100vw, 660px\" \/><\/a>\n\t\t\t<\/div><\/figure><figure class='gallery-item'>\n\t\t\t<div class='gallery-icon landscape'>\n\t\t\t\t<a href='https:\/\/archive.sana.sy\/es\/wp-content\/uploads\/2025\/01\/000-7.jpg'><img loading=\"lazy\" decoding=\"async\" width=\"660\" height=\"371\" src=\"https:\/\/archive.sana.sy\/es\/wp-content\/uploads\/2025\/01\/000-7.jpg\" class=\"attachment-full size-full\" alt=\"\" srcset=\"https:\/\/archive.sana.sy\/es\/wp-content\/uploads\/2025\/01\/000-7.jpg 660w, https:\/\/archive.sana.sy\/es\/wp-content\/uploads\/2025\/01\/000-7-300x169.jpg 300w, https:\/\/archive.sana.sy\/es\/wp-content\/uploads\/2025\/01\/000-7-150x84.jpg 150w\" sizes=\"(max-width: 660px) 100vw, 660px\" \/><\/a>\n\t\t\t<\/div><\/figure>\n\t\t<\/div>\n\n","protected":false},"excerpt":{"rendered":"<p>Damasco, 18 ene (SANA)\u00a0 El gobernador de la Ciudad de Damasco, Maher Mohammed Marwan, anunci\u00f3 hoy el lanzamiento de las actividades de la campa\u00f1a \u201cEstamos de vuelta, Damasco\u201d, que tiene como objetivo embellecer la capital, Damasco, y mejorar los servicios p\u00fablicos en la misma. La Gobernaci\u00f3n de Damasco explic\u00f3 en su canal de Telegram, que &hellip;<\/p>\n","protected":false},"author":32,"featured_media":345590,"comment_status":"closed","ping_status":"closed","sticky":false,"template":"","format":"standard","meta":{"footnotes":""},"categories":[477,597,20724,476,583,7541],"tags":[],"class_list":["post-345585","post","type-post","status-publish","format-standard","has-post-thumbnail","","category-noticias-edulcorantes","category-cinta-de-noticias","category-minuto-a-minuto","category-locales","category-slide","category-ultimas-noticias"],"_links":{"self":[{"href":"https:\/\/archive.sana.sy\/es\/index.php?rest_route=\/wp\/v2\/posts\/345585"}],"collection":[{"href":"https:\/\/archive.sana.sy\/es\/index.php?rest_route=\/wp\/v2\/posts"}],"about":[{"href":"https:\/\/archive.sana.sy\/es\/index.php?rest_route=\/wp\/v2\/types\/post"}],"author":[{"embeddable":true,"href":"https:\/\/archive.sana.sy\/es\/index.php?rest_route=\/wp\/v2\/users\/32"}],"replies":[{"embeddable":true,"href":"https:\/\/archive.sana.sy\/es\/index.php?rest_route=%2Fwp%2Fv2%2Fcomments&post=345585"}],"version-history":[{"count":3,"href":"https:\/\/archive.sana.sy\/es\/index.php?rest_route=\/wp\/v2\/posts\/345585\/revisions"}],"predecessor-version":[{"id":345596,"href":"https:\/\/archive.sana.sy\/es\/index.php?rest_route=\/wp\/v2\/posts\/345585\/revisions\/345596"}],"wp:featuredmedia":[{"embeddable":true,"href":"https:\/\/archive.sana.sy\/es\/index.php?rest_route=\/wp\/v2\/media\/345590"}],"wp:attachment":[{"href":"https:\/\/archive.sana.sy\/es\/index.php?rest_route=%2Fwp%2Fv2%2Fmedia&parent=345585"}],"wp:term":[{"taxonomy":"category","embeddable":true,"href":"https:\/\/archive.sana.sy\/es\/index.php?rest_route=%2Fwp%2Fv2%2Fcategories&post=345585"},{"taxonomy":"post_tag","embeddable":true,"href":"https:\/\/archive.sana.sy\/es\/index.php?rest_route=%2Fwp%2Fv2%2Ftags&post=345585"}],"curies":[{"name":"wp","href":"https:\/\/api.w.org\/{rel}","templated":true}]}}