{"id":345646,"date":"2025-01-19T11:52:11","date_gmt":"2025-01-19T08:52:11","guid":{"rendered":"https:\/\/sana.sy\/es\/?p=345646"},"modified":"2025-01-19T11:53:41","modified_gmt":"2025-01-19T08:53:41","slug":"seleccion-nacional-femenina-de-futbol-se-prepara-para-el-campeonato-junior-de-asia-occidental","status":"publish","type":"post","link":"https:\/\/archive.sana.sy\/es\/?p=345646","title":{"rendered":"Selecci\u00f3n nacional femenina de f\u00fatbol se prepara para el Campeonato Junior de Asia Occidental"},"content":{"rendered":"<p><span style=\"color: #800000;\"><strong>Damasco, 19 ene (SANA)<\/strong><\/span> La selecci\u00f3n femenina de f\u00fatbol de Siria comenz\u00f3 sus preparativos para participar en el Campeonato Junior de Asia Occidental que se celebrar\u00e1 en Arabia Saudita el pr\u00f3ximo mes.<\/p>\n<p>El equipo realiza un campamento de entrenamiento en Alepo que se extender\u00e1 hasta el 27 de este mes.<\/p>\n<p>Nuestra selecci\u00f3n jugar\u00e1 en el segundo grupo, junto a las selecciones nacionales de L\u00edbano y Palestina.<\/p>\n<p><span style=\"color: #800000;\"><strong>ws\/fm<\/strong><\/span><\/p>\n<div id='gallery-1' class='gallery galleryid-345646 gallery-columns-1 gallery-size-full'><figure class='gallery-item'>\n\t\t\t<div class='gallery-icon portrait'>\n\t\t\t\t<a href='https:\/\/archive.sana.sy\/es\/wp-content\/uploads\/2025\/01\/photo_2025-01-18_14-20-50.jpg'><img loading=\"lazy\" decoding=\"async\" width=\"1080\" height=\"1200\" src=\"https:\/\/archive.sana.sy\/es\/wp-content\/uploads\/2025\/01\/photo_2025-01-18_14-20-50.jpg\" class=\"attachment-full size-full\" alt=\"\" srcset=\"https:\/\/archive.sana.sy\/es\/wp-content\/uploads\/2025\/01\/photo_2025-01-18_14-20-50.jpg 1080w, https:\/\/archive.sana.sy\/es\/wp-content\/uploads\/2025\/01\/photo_2025-01-18_14-20-50-270x300.jpg 270w, https:\/\/archive.sana.sy\/es\/wp-content\/uploads\/2025\/01\/photo_2025-01-18_14-20-50-922x1024.jpg 922w, https:\/\/archive.sana.sy\/es\/wp-content\/uploads\/2025\/01\/photo_2025-01-18_14-20-50-135x150.jpg 135w, https:\/\/archive.sana.sy\/es\/wp-content\/uploads\/2025\/01\/photo_2025-01-18_14-20-50-768x853.jpg 768w\" sizes=\"(max-width: 1080px) 100vw, 1080px\" \/><\/a>\n\t\t\t<\/div><\/figure><figure class='gallery-item'>\n\t\t\t<div class='gallery-icon portrait'>\n\t\t\t\t<a href='https:\/\/archive.sana.sy\/es\/wp-content\/uploads\/2025\/01\/photo_2025-01-18_14-20-52.jpg'><img loading=\"lazy\" decoding=\"async\" width=\"1024\" height=\"1280\" src=\"https:\/\/archive.sana.sy\/es\/wp-content\/uploads\/2025\/01\/photo_2025-01-18_14-20-52.jpg\" class=\"attachment-full size-full\" alt=\"\" srcset=\"https:\/\/archive.sana.sy\/es\/wp-content\/uploads\/2025\/01\/photo_2025-01-18_14-20-52.jpg 1024w, https:\/\/archive.sana.sy\/es\/wp-content\/uploads\/2025\/01\/photo_2025-01-18_14-20-52-240x300.jpg 240w, https:\/\/archive.sana.sy\/es\/wp-content\/uploads\/2025\/01\/photo_2025-01-18_14-20-52-819x1024.jpg 819w, https:\/\/archive.sana.sy\/es\/wp-content\/uploads\/2025\/01\/photo_2025-01-18_14-20-52-120x150.jpg 120w, https:\/\/archive.sana.sy\/es\/wp-content\/uploads\/2025\/01\/photo_2025-01-18_14-20-52-768x960.jpg 768w\" sizes=\"(max-width: 1024px) 100vw, 1024px\" \/><\/a>\n\t\t\t<\/div><\/figure>\n\t\t<\/div>\n\n","protected":false},"excerpt":{"rendered":"<p>Damasco, 19 ene (SANA) La selecci\u00f3n femenina de f\u00fatbol de Siria comenz\u00f3 sus preparativos para participar en el Campeonato Junior de Asia Occidental que se celebrar\u00e1 en Arabia Saudita el pr\u00f3ximo mes. El equipo realiza un campamento de entrenamiento en Alepo que se extender\u00e1 hasta el 27 de este mes. Nuestra selecci\u00f3n jugar\u00e1 en el &hellip;<\/p>\n","protected":false},"author":35,"featured_media":345651,"comment_status":"closed","ping_status":"closed","sticky":false,"template":"","format":"standard","meta":{"footnotes":""},"categories":[597,494,7541],"tags":[],"class_list":["post-345646","post","type-post","status-publish","format-standard","has-post-thumbnail","","category-cinta-de-noticias","category-deportes","category-ultimas-noticias"],"_links":{"self":[{"href":"https:\/\/archive.sana.sy\/es\/index.php?rest_route=\/wp\/v2\/posts\/345646"}],"collection":[{"href":"https:\/\/archive.sana.sy\/es\/index.php?rest_route=\/wp\/v2\/posts"}],"about":[{"href":"https:\/\/archive.sana.sy\/es\/index.php?rest_route=\/wp\/v2\/types\/post"}],"author":[{"embeddable":true,"href":"https:\/\/archive.sana.sy\/es\/index.php?rest_route=\/wp\/v2\/users\/35"}],"replies":[{"embeddable":true,"href":"https:\/\/archive.sana.sy\/es\/index.php?rest_route=%2Fwp%2Fv2%2Fcomments&post=345646"}],"version-history":[{"count":3,"href":"https:\/\/archive.sana.sy\/es\/index.php?rest_route=\/wp\/v2\/posts\/345646\/revisions"}],"predecessor-version":[{"id":345655,"href":"https:\/\/archive.sana.sy\/es\/index.php?rest_route=\/wp\/v2\/posts\/345646\/revisions\/345655"}],"wp:featuredmedia":[{"embeddable":true,"href":"https:\/\/archive.sana.sy\/es\/index.php?rest_route=\/wp\/v2\/media\/345651"}],"wp:attachment":[{"href":"https:\/\/archive.sana.sy\/es\/index.php?rest_route=%2Fwp%2Fv2%2Fmedia&parent=345646"}],"wp:term":[{"taxonomy":"category","embeddable":true,"href":"https:\/\/archive.sana.sy\/es\/index.php?rest_route=%2Fwp%2Fv2%2Fcategories&post=345646"},{"taxonomy":"post_tag","embeddable":true,"href":"https:\/\/archive.sana.sy\/es\/index.php?rest_route=%2Fwp%2Fv2%2Ftags&post=345646"}],"curies":[{"name":"wp","href":"https:\/\/api.w.org\/{rel}","templated":true}]}}