{"id":345666,"date":"2025-01-19T13:35:47","date_gmt":"2025-01-19T10:35:47","guid":{"rendered":"https:\/\/sana.sy\/es\/?p=345666"},"modified":"2025-01-19T14:02:59","modified_gmt":"2025-01-19T11:02:59","slug":"el-olivo-un-milenario-arbol-original-de-siria","status":"publish","type":"post","link":"https:\/\/archive.sana.sy\/es\/?p=345666","title":{"rendered":"El olivo, un milenario \u00e1rbol original de Siria"},"content":{"rendered":"<p style=\"text-align: justify;\"><span style=\"color: #800000;\"><strong>Damasco, 19 ene (SANA)\u00a0<\/strong><\/span> \u00a0El olivo es un \u00e1rbol antiguo y ha sido considerado s\u00edmbolo de la paz a partir del relato b\u00edblico en el que la paloma enviada por No\u00e9 regresa al arca con una rama de olivo.<\/p>\n<p>Se dice que el primer olivo del mundo fue plantado en Siria hace m\u00e1s de cinco mil a\u00f1os. Los sirios no solo lo cultivaron, sino que fueron precusores en el comercio de aceite de oliva, export\u00e1ndolo a Egipto y Grecia mediante el puerto de Ugarit.<\/p>\n<p style=\"text-align: justify;\"><img loading=\"lazy\" decoding=\"async\" class=\"size-medium wp-image-345669 alignright\" src=\"http:\/\/sana.sy\/es\/wp-content\/uploads\/2025\/01\/470229486_122125378580577686_9203983699254635816_n-300x199.jpg\" alt=\"\" width=\"300\" height=\"199\" srcset=\"https:\/\/archive.sana.sy\/es\/wp-content\/uploads\/2025\/01\/470229486_122125378580577686_9203983699254635816_n-300x199.jpg 300w, https:\/\/archive.sana.sy\/es\/wp-content\/uploads\/2025\/01\/470229486_122125378580577686_9203983699254635816_n-150x100.jpg 150w, https:\/\/archive.sana.sy\/es\/wp-content\/uploads\/2025\/01\/470229486_122125378580577686_9203983699254635816_n-768x510.jpg 768w, https:\/\/archive.sana.sy\/es\/wp-content\/uploads\/2025\/01\/470229486_122125378580577686_9203983699254635816_n-310x205.jpg 310w, https:\/\/archive.sana.sy\/es\/wp-content\/uploads\/2025\/01\/470229486_122125378580577686_9203983699254635816_n.jpg 1000w\" sizes=\"(max-width: 300px) 100vw, 300px\" \/><\/p>\n<p style=\"text-align: justify;\">Rastros antiguos fueron descubiertos en el noroeste de Siria, considerado el hogar original de este \u00e1rbol. La plantaci\u00f3n m\u00e1s antigua se localiz\u00f3 en el Reino de Ebla, en la provincia siria de Idlib (actualmente Tell Mardikh).<\/p>\n<p style=\"text-align: justify;\">Como evidencia, las inscripciones cuneiformes encontradas en el Reino de Ebla est\u00e1n entre las m\u00e1s antiguas que documentan la agricultura, la producci\u00f3n y el comercio del aceite. El comercio del olivo fue uno de los primeros en desarrollarse en este reino, resultando ser altamente pr\u00f3spero.<\/p>\n<p style=\"text-align: justify;\">A trav\u00e9s de 12 inscripciones cuneiformes que datan del a\u00f1o 2400 a.C., se encuentra la primera documentaci\u00f3n oficial sobre el cultivo del olivo y la producci\u00f3n de aceite en el mundo. Estos registros fueron hallados en los archivos de la Biblioteca de Ebla gracias a una misi\u00f3n italiana de la Universidad de Roma, liderada por el arque\u00f3logo Paolo Mattei.<\/p>\n<p style=\"text-align: justify;\">Las inscripciones describen tierras cultivadas con olivos en el antiguo reino sirio.<\/p>\n<p style=\"text-align: justify;\">Los agricultores de Ebla fueron pioneros en el cultivo de olivos y en la exportaci\u00f3n de aceite, tanto dentro como fuera de Siria. Seg\u00fan las inscripciones, en aquella \u00e9poca la producci\u00f3n alcanzaba m\u00e1s de 500 toneladas de aceite al a\u00f1o.<\/p>\n<p style=\"text-align: justify;\">Adem\u00e1s, se encontraron enormes tinajas utilizadas para comercializar este producto con Egipto, transport\u00e1ndolo a trav\u00e9s del puerto de la ciudad de Ugarit.<\/p>\n<p style=\"text-align: justify;\">Una evidencia que respalda lo expuesto es el jab\u00f3n de laurel de Alepo, uno de los jabones m\u00e1s antiguos conocidos. Este producto, con un alto contenido de aceite de oliva, tiene su origen en el a\u00f1o 2000 a.C.<\/p>\n<p style=\"text-align: justify;\">El Archivo Real de Ebla es reconocido como un valioso acervo cultural que documenta diversos aspectos econ\u00f3micos, tales como la agricultura, la ganader\u00eda, la producci\u00f3n textil, la joyer\u00eda, entre otros.<\/p>\n<p style=\"text-align: justify;\">En este sentido, la agricultura fue uno de los pilares fundamentales del florecimiento de Ebla. Su ubicaci\u00f3n estrat\u00e9gica en la red de antiguas rutas comerciales entre Oriente y Occidente, sumada a los recursos naturales de la regi\u00f3n, impuls\u00f3 el \u00e9xito de las actividades agr\u00edcolas. Este desarrollo permiti\u00f3 que la agricultura no solo fuera un recurso para la autosuficiencia, sino que tambi\u00e9n facilit\u00f3 la exportaci\u00f3n de productos a regiones vecinas.<\/p>\n<p style=\"text-align: justify;\">La producci\u00f3n de trigo, aceitunas, cebada, lana y cuero no se limit\u00f3 al consumo local. Estas materias primas estrat\u00e9gicas promovieron el desarrollo de un sistema industrial especializado en la transformaci\u00f3n de los recursos en productos competitivos. Como resultado, el Reino de Ebla no solo compet\u00eda con pa\u00edses vecinos, sino que consolid\u00f3 un imperio pol\u00edtico y econ\u00f3mico s\u00f3lido, con su econom\u00eda como uno de sus principales elementos de fortaleza.<\/p>\n<p style=\"text-align: justify;\"><span style=\"color: #800000;\"><strong>Por Watfeh Salloum\/fm<\/strong><\/span><\/p>\n<div id='gallery-1' class='gallery galleryid-345666 gallery-columns-1 gallery-size-full'><figure class='gallery-item'>\n\t\t\t<div class='gallery-icon landscape'>\n\t\t\t\t<a href='https:\/\/archive.sana.sy\/es\/wp-content\/uploads\/2025\/01\/470201366_122125378676577686_4004773276322513570_n.jpg'><img loading=\"lazy\" decoding=\"async\" width=\"720\" height=\"673\" src=\"https:\/\/archive.sana.sy\/es\/wp-content\/uploads\/2025\/01\/470201366_122125378676577686_4004773276322513570_n.jpg\" class=\"attachment-full size-full\" alt=\"\" srcset=\"https:\/\/archive.sana.sy\/es\/wp-content\/uploads\/2025\/01\/470201366_122125378676577686_4004773276322513570_n.jpg 720w, https:\/\/archive.sana.sy\/es\/wp-content\/uploads\/2025\/01\/470201366_122125378676577686_4004773276322513570_n-300x280.jpg 300w, https:\/\/archive.sana.sy\/es\/wp-content\/uploads\/2025\/01\/470201366_122125378676577686_4004773276322513570_n-150x140.jpg 150w\" sizes=\"(max-width: 720px) 100vw, 720px\" \/><\/a>\n\t\t\t<\/div><\/figure><figure class='gallery-item'>\n\t\t\t<div class='gallery-icon portrait'>\n\t\t\t\t<a href='https:\/\/archive.sana.sy\/es\/wp-content\/uploads\/2025\/01\/470201346_122125378556577686_7871367302486139272_n.jpg'><img loading=\"lazy\" decoding=\"async\" width=\"932\" height=\"960\" src=\"https:\/\/archive.sana.sy\/es\/wp-content\/uploads\/2025\/01\/470201346_122125378556577686_7871367302486139272_n.jpg\" class=\"attachment-full size-full\" alt=\"\" srcset=\"https:\/\/archive.sana.sy\/es\/wp-content\/uploads\/2025\/01\/470201346_122125378556577686_7871367302486139272_n.jpg 932w, https:\/\/archive.sana.sy\/es\/wp-content\/uploads\/2025\/01\/470201346_122125378556577686_7871367302486139272_n-291x300.jpg 291w, https:\/\/archive.sana.sy\/es\/wp-content\/uploads\/2025\/01\/470201346_122125378556577686_7871367302486139272_n-146x150.jpg 146w, https:\/\/archive.sana.sy\/es\/wp-content\/uploads\/2025\/01\/470201346_122125378556577686_7871367302486139272_n-768x791.jpg 768w\" sizes=\"(max-width: 932px) 100vw, 932px\" \/><\/a>\n\t\t\t<\/div><\/figure><figure class='gallery-item'>\n\t\t\t<div class='gallery-icon landscape'>\n\t\t\t\t<a href='https:\/\/archive.sana.sy\/es\/wp-content\/uploads\/2025\/01\/470211201_122125378340577686_6508007738406301728_n.jpg'><img loading=\"lazy\" decoding=\"async\" width=\"1000\" height=\"664\" src=\"https:\/\/archive.sana.sy\/es\/wp-content\/uploads\/2025\/01\/470211201_122125378340577686_6508007738406301728_n.jpg\" class=\"attachment-full size-full\" alt=\"\" srcset=\"https:\/\/archive.sana.sy\/es\/wp-content\/uploads\/2025\/01\/470211201_122125378340577686_6508007738406301728_n.jpg 1000w, https:\/\/archive.sana.sy\/es\/wp-content\/uploads\/2025\/01\/470211201_122125378340577686_6508007738406301728_n-300x199.jpg 300w, https:\/\/archive.sana.sy\/es\/wp-content\/uploads\/2025\/01\/470211201_122125378340577686_6508007738406301728_n-150x100.jpg 150w, https:\/\/archive.sana.sy\/es\/wp-content\/uploads\/2025\/01\/470211201_122125378340577686_6508007738406301728_n-768x510.jpg 768w, https:\/\/archive.sana.sy\/es\/wp-content\/uploads\/2025\/01\/470211201_122125378340577686_6508007738406301728_n-310x205.jpg 310w\" sizes=\"(max-width: 1000px) 100vw, 1000px\" \/><\/a>\n\t\t\t<\/div><\/figure><figure class='gallery-item'>\n\t\t\t<div class='gallery-icon landscape'>\n\t\t\t\t<a href='https:\/\/archive.sana.sy\/es\/wp-content\/uploads\/2025\/01\/470209786_122125378178577686_1506268943764147398_n.jpg'><img loading=\"lazy\" decoding=\"async\" width=\"960\" height=\"898\" src=\"https:\/\/archive.sana.sy\/es\/wp-content\/uploads\/2025\/01\/470209786_122125378178577686_1506268943764147398_n.jpg\" class=\"attachment-full size-full\" alt=\"\" srcset=\"https:\/\/archive.sana.sy\/es\/wp-content\/uploads\/2025\/01\/470209786_122125378178577686_1506268943764147398_n.jpg 960w, https:\/\/archive.sana.sy\/es\/wp-content\/uploads\/2025\/01\/470209786_122125378178577686_1506268943764147398_n-300x281.jpg 300w, https:\/\/archive.sana.sy\/es\/wp-content\/uploads\/2025\/01\/470209786_122125378178577686_1506268943764147398_n-150x140.jpg 150w, https:\/\/archive.sana.sy\/es\/wp-content\/uploads\/2025\/01\/470209786_122125378178577686_1506268943764147398_n-768x718.jpg 768w\" sizes=\"(max-width: 960px) 100vw, 960px\" \/><\/a>\n\t\t\t<\/div><\/figure><figure class='gallery-item'>\n\t\t\t<div class='gallery-icon landscape'>\n\t\t\t\t<a href='https:\/\/archive.sana.sy\/es\/wp-content\/uploads\/2025\/01\/470185886_122125378244577686_2305705317111228734_n.jpg'><img loading=\"lazy\" decoding=\"async\" width=\"960\" height=\"897\" src=\"https:\/\/archive.sana.sy\/es\/wp-content\/uploads\/2025\/01\/470185886_122125378244577686_2305705317111228734_n.jpg\" class=\"attachment-full size-full\" alt=\"\" srcset=\"https:\/\/archive.sana.sy\/es\/wp-content\/uploads\/2025\/01\/470185886_122125378244577686_2305705317111228734_n.jpg 960w, https:\/\/archive.sana.sy\/es\/wp-content\/uploads\/2025\/01\/470185886_122125378244577686_2305705317111228734_n-300x280.jpg 300w, https:\/\/archive.sana.sy\/es\/wp-content\/uploads\/2025\/01\/470185886_122125378244577686_2305705317111228734_n-150x140.jpg 150w, https:\/\/archive.sana.sy\/es\/wp-content\/uploads\/2025\/01\/470185886_122125378244577686_2305705317111228734_n-768x718.jpg 768w\" sizes=\"(max-width: 960px) 100vw, 960px\" \/><\/a>\n\t\t\t<\/div><\/figure><figure class='gallery-item'>\n\t\t\t<div class='gallery-icon landscape'>\n\t\t\t\t<a href='https:\/\/archive.sana.sy\/es\/wp-content\/uploads\/2025\/01\/470178396_122125378136577686_4711724537214105781_n.jpg'><img loading=\"lazy\" decoding=\"async\" width=\"590\" height=\"553\" src=\"https:\/\/archive.sana.sy\/es\/wp-content\/uploads\/2025\/01\/470178396_122125378136577686_4711724537214105781_n.jpg\" class=\"attachment-full size-full\" alt=\"\" srcset=\"https:\/\/archive.sana.sy\/es\/wp-content\/uploads\/2025\/01\/470178396_122125378136577686_4711724537214105781_n.jpg 590w, https:\/\/archive.sana.sy\/es\/wp-content\/uploads\/2025\/01\/470178396_122125378136577686_4711724537214105781_n-300x281.jpg 300w, https:\/\/archive.sana.sy\/es\/wp-content\/uploads\/2025\/01\/470178396_122125378136577686_4711724537214105781_n-150x141.jpg 150w\" sizes=\"(max-width: 590px) 100vw, 590px\" \/><\/a>\n\t\t\t<\/div><\/figure><figure class='gallery-item'>\n\t\t\t<div class='gallery-icon landscape'>\n\t\t\t\t<a href='https:\/\/archive.sana.sy\/es\/wp-content\/uploads\/2025\/01\/470593933_122125378544577686_7987979307226502266_n.jpg'><img loading=\"lazy\" decoding=\"async\" width=\"660\" height=\"330\" src=\"https:\/\/archive.sana.sy\/es\/wp-content\/uploads\/2025\/01\/470593933_122125378544577686_7987979307226502266_n.jpg\" class=\"attachment-full size-full\" alt=\"\" srcset=\"https:\/\/archive.sana.sy\/es\/wp-content\/uploads\/2025\/01\/470593933_122125378544577686_7987979307226502266_n.jpg 660w, https:\/\/archive.sana.sy\/es\/wp-content\/uploads\/2025\/01\/470593933_122125378544577686_7987979307226502266_n-300x150.jpg 300w, https:\/\/archive.sana.sy\/es\/wp-content\/uploads\/2025\/01\/470593933_122125378544577686_7987979307226502266_n-150x75.jpg 150w\" sizes=\"(max-width: 660px) 100vw, 660px\" \/><\/a>\n\t\t\t<\/div><\/figure><figure class='gallery-item'>\n\t\t\t<div class='gallery-icon landscape'>\n\t\t\t\t<a href='https:\/\/archive.sana.sy\/es\/wp-content\/uploads\/2025\/01\/470227503_122125378124577686_491518738025055074_n.jpg'><img loading=\"lazy\" decoding=\"async\" width=\"567\" height=\"378\" src=\"https:\/\/archive.sana.sy\/es\/wp-content\/uploads\/2025\/01\/470227503_122125378124577686_491518738025055074_n.jpg\" class=\"attachment-full size-full\" alt=\"\" srcset=\"https:\/\/archive.sana.sy\/es\/wp-content\/uploads\/2025\/01\/470227503_122125378124577686_491518738025055074_n.jpg 567w, https:\/\/archive.sana.sy\/es\/wp-content\/uploads\/2025\/01\/470227503_122125378124577686_491518738025055074_n-300x200.jpg 300w, https:\/\/archive.sana.sy\/es\/wp-content\/uploads\/2025\/01\/470227503_122125378124577686_491518738025055074_n-150x100.jpg 150w\" sizes=\"(max-width: 567px) 100vw, 567px\" \/><\/a>\n\t\t\t<\/div><\/figure>\n\t\t<\/div>\n\n","protected":false},"excerpt":{"rendered":"<p>Damasco, 19 ene (SANA)\u00a0 \u00a0El olivo es un \u00e1rbol antiguo y ha sido considerado s\u00edmbolo de la paz a partir del relato b\u00edblico en el que la paloma enviada por No\u00e9 regresa al arca con una rama de olivo. Se dice que el primer olivo del mundo fue plantado en Siria hace m\u00e1s de cinco &hellip;<\/p>\n","protected":false},"author":35,"featured_media":345668,"comment_status":"closed","ping_status":"closed","sticky":false,"template":"","format":"standard","meta":{"footnotes":""},"categories":[597,510,20724,583,18781],"tags":[],"class_list":["post-345666","post","type-post","status-publish","format-standard","has-post-thumbnail","","category-cinta-de-noticias","category-arte-y-cultura","category-minuto-a-minuto","category-slide","category-vistazos-sobre-siria"],"_links":{"self":[{"href":"https:\/\/archive.sana.sy\/es\/index.php?rest_route=\/wp\/v2\/posts\/345666"}],"collection":[{"href":"https:\/\/archive.sana.sy\/es\/index.php?rest_route=\/wp\/v2\/posts"}],"about":[{"href":"https:\/\/archive.sana.sy\/es\/index.php?rest_route=\/wp\/v2\/types\/post"}],"author":[{"embeddable":true,"href":"https:\/\/archive.sana.sy\/es\/index.php?rest_route=\/wp\/v2\/users\/35"}],"replies":[{"embeddable":true,"href":"https:\/\/archive.sana.sy\/es\/index.php?rest_route=%2Fwp%2Fv2%2Fcomments&post=345666"}],"version-history":[{"count":3,"href":"https:\/\/archive.sana.sy\/es\/index.php?rest_route=\/wp\/v2\/posts\/345666\/revisions"}],"predecessor-version":[{"id":345679,"href":"https:\/\/archive.sana.sy\/es\/index.php?rest_route=\/wp\/v2\/posts\/345666\/revisions\/345679"}],"wp:featuredmedia":[{"embeddable":true,"href":"https:\/\/archive.sana.sy\/es\/index.php?rest_route=\/wp\/v2\/media\/345668"}],"wp:attachment":[{"href":"https:\/\/archive.sana.sy\/es\/index.php?rest_route=%2Fwp%2Fv2%2Fmedia&parent=345666"}],"wp:term":[{"taxonomy":"category","embeddable":true,"href":"https:\/\/archive.sana.sy\/es\/index.php?rest_route=%2Fwp%2Fv2%2Fcategories&post=345666"},{"taxonomy":"post_tag","embeddable":true,"href":"https:\/\/archive.sana.sy\/es\/index.php?rest_route=%2Fwp%2Fv2%2Ftags&post=345666"}],"curies":[{"name":"wp","href":"https:\/\/api.w.org\/{rel}","templated":true}]}}