{"id":345680,"date":"2025-01-19T17:54:01","date_gmt":"2025-01-19T14:54:01","guid":{"rendered":"https:\/\/sana.sy\/es\/?p=345680"},"modified":"2025-01-19T17:54:01","modified_gmt":"2025-01-19T14:54:01","slug":"ministro-de-recursos-hidricos-y-unicef-examinan-formas-de-desarrollar-el-sector-de-agua-en-siria","status":"publish","type":"post","link":"https:\/\/archive.sana.sy\/es\/?p=345680","title":{"rendered":"Ministro de Recursos H\u00eddricos y UNICEF examinan formas de desarrollar el sector de agua en Siria"},"content":{"rendered":"<p style=\"text-align: justify;\"><span style=\"color: #800000;\"><strong>Damasco, 19 ene (SANA)\u00a0<\/strong> <\/span>\u00a0El Ministro de Recursos H\u00eddricos del gobierno interino siria, Osama Abu Zeid, abord\u00f3 con el director regional de la UNICEF, Edouard Beigbeder, y la delegaci\u00f3n acompa\u00f1ante, las necesidades del sector del agua en todas las gobernaciones sirias.<\/p>\n<p style=\"text-align: justify;\">El Ministro inform\u00f3 la organizaci\u00f3n sobre las dificultades que enfrenta este sector debido a las sanciones impuestas a Siria.<\/p>\n<p style=\"text-align: justify;\">Explic\u00f3 que las instituciones h\u00eddricas sufren de una severa escasez de fuentes de energ\u00eda el\u00e9ctrica que alimentan las fuentes h\u00eddricas y una escasez de equipos mec\u00e1nicos y el\u00e9ctricos necesarios para operarlas, adem\u00e1s de la falta de repuestos para las plantas que operan con di\u00e9sel.<\/p>\n<p style=\"text-align: justify;\">Por su parte, Beigbeder afirm\u00f3 su disposici\u00f3n a cooperar y brindar apoyo al sector del agua en Siria, y expres\u00f3 su esperanza de que los esfuerzos de los pa\u00edses que apoyan a Siria contribuyan a mejorar la situaci\u00f3n de este sector vital.<\/p>\n<p style=\"text-align: justify;\">Tras la reuni\u00f3n, Abu Zeid comunic\u00f3 a SANA que se trabaja en cooperaci\u00f3n de la UNICEF para desarrollar los servicios de agua potable y rehabilitar las plantas de agua, y expres\u00f3 la disposici\u00f3n del ministerio a cooperar con todas las partes interesadas en este campo con el fin de mejorar la situaci\u00f3n del agua en el pa\u00eds.<\/p>\n<div id='gallery-1' class='gallery galleryid-345680 gallery-columns-1 gallery-size-full'><figure class='gallery-item'>\n\t\t\t<div class='gallery-icon landscape'>\n\t\t\t\t<a href='https:\/\/archive.sana.sy\/es\/wp-content\/uploads\/2025\/01\/photo_2025-01-19_14-53-22.jpg'><img loading=\"lazy\" decoding=\"async\" width=\"2560\" height=\"1602\" src=\"https:\/\/archive.sana.sy\/es\/wp-content\/uploads\/2025\/01\/photo_2025-01-19_14-53-22.jpg\" class=\"attachment-full size-full\" alt=\"\" srcset=\"https:\/\/archive.sana.sy\/es\/wp-content\/uploads\/2025\/01\/photo_2025-01-19_14-53-22.jpg 2560w, https:\/\/archive.sana.sy\/es\/wp-content\/uploads\/2025\/01\/photo_2025-01-19_14-53-22-300x188.jpg 300w, https:\/\/archive.sana.sy\/es\/wp-content\/uploads\/2025\/01\/photo_2025-01-19_14-53-22-1024x641.jpg 1024w, https:\/\/archive.sana.sy\/es\/wp-content\/uploads\/2025\/01\/photo_2025-01-19_14-53-22-150x94.jpg 150w, https:\/\/archive.sana.sy\/es\/wp-content\/uploads\/2025\/01\/photo_2025-01-19_14-53-22-768x481.jpg 768w, https:\/\/archive.sana.sy\/es\/wp-content\/uploads\/2025\/01\/photo_2025-01-19_14-53-22-1536x961.jpg 1536w, https:\/\/archive.sana.sy\/es\/wp-content\/uploads\/2025\/01\/photo_2025-01-19_14-53-22-2048x1282.jpg 2048w\" sizes=\"(max-width: 2560px) 100vw, 2560px\" \/><\/a>\n\t\t\t<\/div><\/figure>\n\t\t<\/div>\n\n","protected":false},"excerpt":{"rendered":"<p>Damasco, 19 ene (SANA)\u00a0 \u00a0El Ministro de Recursos H\u00eddricos del gobierno interino siria, Osama Abu Zeid, abord\u00f3 con el director regional de la UNICEF, Edouard Beigbeder, y la delegaci\u00f3n acompa\u00f1ante, las necesidades del sector del agua en todas las gobernaciones sirias. El Ministro inform\u00f3 la organizaci\u00f3n sobre las dificultades que enfrenta este sector debido a &hellip;<\/p>\n","protected":false},"author":31,"featured_media":345681,"comment_status":"closed","ping_status":"closed","sticky":false,"template":"","format":"standard","meta":{"footnotes":""},"categories":[597,476,467,7541],"tags":[],"class_list":["post-345680","post","type-post","status-publish","format-standard","has-post-thumbnail","","category-cinta-de-noticias","category-locales","category-siria-y-el-mundo","category-ultimas-noticias"],"_links":{"self":[{"href":"https:\/\/archive.sana.sy\/es\/index.php?rest_route=\/wp\/v2\/posts\/345680"}],"collection":[{"href":"https:\/\/archive.sana.sy\/es\/index.php?rest_route=\/wp\/v2\/posts"}],"about":[{"href":"https:\/\/archive.sana.sy\/es\/index.php?rest_route=\/wp\/v2\/types\/post"}],"author":[{"embeddable":true,"href":"https:\/\/archive.sana.sy\/es\/index.php?rest_route=\/wp\/v2\/users\/31"}],"replies":[{"embeddable":true,"href":"https:\/\/archive.sana.sy\/es\/index.php?rest_route=%2Fwp%2Fv2%2Fcomments&post=345680"}],"version-history":[{"count":1,"href":"https:\/\/archive.sana.sy\/es\/index.php?rest_route=\/wp\/v2\/posts\/345680\/revisions"}],"predecessor-version":[{"id":345683,"href":"https:\/\/archive.sana.sy\/es\/index.php?rest_route=\/wp\/v2\/posts\/345680\/revisions\/345683"}],"wp:featuredmedia":[{"embeddable":true,"href":"https:\/\/archive.sana.sy\/es\/index.php?rest_route=\/wp\/v2\/media\/345681"}],"wp:attachment":[{"href":"https:\/\/archive.sana.sy\/es\/index.php?rest_route=%2Fwp%2Fv2%2Fmedia&parent=345680"}],"wp:term":[{"taxonomy":"category","embeddable":true,"href":"https:\/\/archive.sana.sy\/es\/index.php?rest_route=%2Fwp%2Fv2%2Fcategories&post=345680"},{"taxonomy":"post_tag","embeddable":true,"href":"https:\/\/archive.sana.sy\/es\/index.php?rest_route=%2Fwp%2Fv2%2Ftags&post=345680"}],"curies":[{"name":"wp","href":"https:\/\/api.w.org\/{rel}","templated":true}]}}