{"id":345746,"date":"2025-01-21T09:18:28","date_gmt":"2025-01-21T06:18:28","guid":{"rendered":"https:\/\/sana.sy\/es\/?p=345746"},"modified":"2025-01-21T09:19:29","modified_gmt":"2025-01-21T06:19:29","slug":"defensa-civil-siria-y-el-grupo-lekhwiya-de-qatar-firman-un-acuerdo-de-colaboracion-y-asociacion","status":"publish","type":"post","link":"https:\/\/archive.sana.sy\/es\/?p=345746","title":{"rendered":"Defensa Civil Siria y el Grupo \u201cLekhwiya\u201d de Qatar firman un acuerdo de colaboraci\u00f3n y asociaci\u00f3n"},"content":{"rendered":"<p style=\"text-align: justify;\"><span style=\"color: #800000;\"><strong>Damasco, 21 ene (SANA)<\/strong><\/span> La Organizaci\u00f3n de Defensa Civil Siria (Cascos Blancos) y el Grupo Lekhwiya, que se ocupa de las labores de b\u00fasqueda y rescate en el Estado de Qatar, firmaron un acuerdo de asociaci\u00f3n y cooperaci\u00f3n.<\/p>\n<p style=\"text-align: justify;\">El documento rubricado pretende aumentar las capacidades de los equipos de b\u00fasqueda y rescate en la Defensa Civil mediante la capacitaci\u00f3n especializada en el manejo de desastres, adem\u00e1s de apoyarlo con equipos de b\u00fasqueda y rescate.<\/p>\n<p style=\"text-align: justify;\">El director de la Defensa Civil Siria, Raed Al-Saleh, afirm\u00f3 durante una conferencia de prensa tras la firma del acuerdo que la coordinaci\u00f3n y cooperaci\u00f3n con \u201cLekhwiya\u201d dar\u00e1 como resultado equipos profesionales que operan seg\u00fan los estandartes internacionales y ser\u00e1n capaces para realizar tareas externas.<\/p>\n<p style=\"text-align: justify;\">Se refiri\u00f3 a la dificultad que enfrenta la Defensa Civil en la rehabilitaci\u00f3n y restablecimiento de los veh\u00edculos, para que puedan responder a las tareas asignadas.<\/p>\n<p style=\"text-align: justify;\">El director del Equipo de B\u00fasqueda y Rescate de Qatar, Khaled Abdullah Al-Humaidi, dijo que el entrenamiento y la preparaci\u00f3n ser\u00e1 en fases hasta llegar a la formaci\u00f3n de equipos que sigan el ritmo de los est\u00e1ndares internacionales, con un plan que apunta a proporcionar veh\u00edculos a la Defensa Civil Siria.<\/p>\n<div id='gallery-1' class='gallery galleryid-345746 gallery-columns-1 gallery-size-full'><figure class='gallery-item'>\n\t\t\t<div class='gallery-icon landscape'>\n\t\t\t\t<a href='https:\/\/archive.sana.sy\/es\/wp-content\/uploads\/2025\/01\/photo_2025-01-20_18-26-45-2-copy.jpg'><img loading=\"lazy\" decoding=\"async\" width=\"660\" height=\"418\" src=\"https:\/\/archive.sana.sy\/es\/wp-content\/uploads\/2025\/01\/photo_2025-01-20_18-26-45-2-copy.jpg\" class=\"attachment-full size-full\" alt=\"\" srcset=\"https:\/\/archive.sana.sy\/es\/wp-content\/uploads\/2025\/01\/photo_2025-01-20_18-26-45-2-copy.jpg 660w, https:\/\/archive.sana.sy\/es\/wp-content\/uploads\/2025\/01\/photo_2025-01-20_18-26-45-2-copy-300x190.jpg 300w, https:\/\/archive.sana.sy\/es\/wp-content\/uploads\/2025\/01\/photo_2025-01-20_18-26-45-2-copy-150x95.jpg 150w\" sizes=\"(max-width: 660px) 100vw, 660px\" \/><\/a>\n\t\t\t<\/div><\/figure><figure class='gallery-item'>\n\t\t\t<div class='gallery-icon landscape'>\n\t\t\t\t<a href='https:\/\/archive.sana.sy\/es\/wp-content\/uploads\/2025\/01\/photo_2025-01-20_18-26-45-4-copy.jpg'><img loading=\"lazy\" decoding=\"async\" width=\"660\" height=\"417\" src=\"https:\/\/archive.sana.sy\/es\/wp-content\/uploads\/2025\/01\/photo_2025-01-20_18-26-45-4-copy.jpg\" class=\"attachment-full size-full\" alt=\"\" srcset=\"https:\/\/archive.sana.sy\/es\/wp-content\/uploads\/2025\/01\/photo_2025-01-20_18-26-45-4-copy.jpg 660w, https:\/\/archive.sana.sy\/es\/wp-content\/uploads\/2025\/01\/photo_2025-01-20_18-26-45-4-copy-300x190.jpg 300w, https:\/\/archive.sana.sy\/es\/wp-content\/uploads\/2025\/01\/photo_2025-01-20_18-26-45-4-copy-150x95.jpg 150w\" sizes=\"(max-width: 660px) 100vw, 660px\" \/><\/a>\n\t\t\t<\/div><\/figure><figure class='gallery-item'>\n\t\t\t<div class='gallery-icon landscape'>\n\t\t\t\t<a href='https:\/\/archive.sana.sy\/es\/wp-content\/uploads\/2025\/01\/photo_2025-01-20_18-26-45-6-copy.jpg'><img loading=\"lazy\" decoding=\"async\" width=\"660\" height=\"424\" src=\"https:\/\/archive.sana.sy\/es\/wp-content\/uploads\/2025\/01\/photo_2025-01-20_18-26-45-6-copy.jpg\" class=\"attachment-full size-full\" alt=\"\" srcset=\"https:\/\/archive.sana.sy\/es\/wp-content\/uploads\/2025\/01\/photo_2025-01-20_18-26-45-6-copy.jpg 660w, https:\/\/archive.sana.sy\/es\/wp-content\/uploads\/2025\/01\/photo_2025-01-20_18-26-45-6-copy-300x193.jpg 300w, https:\/\/archive.sana.sy\/es\/wp-content\/uploads\/2025\/01\/photo_2025-01-20_18-26-45-6-copy-150x96.jpg 150w\" sizes=\"(max-width: 660px) 100vw, 660px\" \/><\/a>\n\t\t\t<\/div><\/figure>\n\t\t<\/div>\n\n<p style=\"text-align: justify;\">\n","protected":false},"excerpt":{"rendered":"<p>Damasco, 21 ene (SANA) La Organizaci\u00f3n de Defensa Civil Siria (Cascos Blancos) y el Grupo Lekhwiya, que se ocupa de las labores de b\u00fasqueda y rescate en el Estado de Qatar, firmaron un acuerdo de asociaci\u00f3n y cooperaci\u00f3n. El documento rubricado pretende aumentar las capacidades de los equipos de b\u00fasqueda y rescate en la Defensa &hellip;<\/p>\n","protected":false},"author":42,"featured_media":345747,"comment_status":"closed","ping_status":"closed","sticky":false,"template":"","format":"standard","meta":{"footnotes":""},"categories":[597,20724,476,7541],"tags":[],"class_list":["post-345746","post","type-post","status-publish","format-standard","has-post-thumbnail","","category-cinta-de-noticias","category-minuto-a-minuto","category-locales","category-ultimas-noticias"],"_links":{"self":[{"href":"https:\/\/archive.sana.sy\/es\/index.php?rest_route=\/wp\/v2\/posts\/345746"}],"collection":[{"href":"https:\/\/archive.sana.sy\/es\/index.php?rest_route=\/wp\/v2\/posts"}],"about":[{"href":"https:\/\/archive.sana.sy\/es\/index.php?rest_route=\/wp\/v2\/types\/post"}],"author":[{"embeddable":true,"href":"https:\/\/archive.sana.sy\/es\/index.php?rest_route=\/wp\/v2\/users\/42"}],"replies":[{"embeddable":true,"href":"https:\/\/archive.sana.sy\/es\/index.php?rest_route=%2Fwp%2Fv2%2Fcomments&post=345746"}],"version-history":[{"count":2,"href":"https:\/\/archive.sana.sy\/es\/index.php?rest_route=\/wp\/v2\/posts\/345746\/revisions"}],"predecessor-version":[{"id":345752,"href":"https:\/\/archive.sana.sy\/es\/index.php?rest_route=\/wp\/v2\/posts\/345746\/revisions\/345752"}],"wp:featuredmedia":[{"embeddable":true,"href":"https:\/\/archive.sana.sy\/es\/index.php?rest_route=\/wp\/v2\/media\/345747"}],"wp:attachment":[{"href":"https:\/\/archive.sana.sy\/es\/index.php?rest_route=%2Fwp%2Fv2%2Fmedia&parent=345746"}],"wp:term":[{"taxonomy":"category","embeddable":true,"href":"https:\/\/archive.sana.sy\/es\/index.php?rest_route=%2Fwp%2Fv2%2Fcategories&post=345746"},{"taxonomy":"post_tag","embeddable":true,"href":"https:\/\/archive.sana.sy\/es\/index.php?rest_route=%2Fwp%2Fv2%2Ftags&post=345746"}],"curies":[{"name":"wp","href":"https:\/\/api.w.org\/{rel}","templated":true}]}}