{"id":345753,"date":"2025-01-21T09:40:26","date_gmt":"2025-01-21T06:40:26","guid":{"rendered":"https:\/\/sana.sy\/es\/?p=345753"},"modified":"2025-01-21T09:40:26","modified_gmt":"2025-01-21T06:40:26","slug":"lider-de-la-nueva-autoridad-siria-felicita-a-trump-por-su-investidura-como-presidente-de-los-estados-unidos","status":"publish","type":"post","link":"https:\/\/archive.sana.sy\/es\/?p=345753","title":{"rendered":"L\u00edder de la nueva autoridad siria felicita a Trump por su investidura como presidente de los Estados Unidos"},"content":{"rendered":"<p style=\"text-align: justify;\"><span style=\"color: #800000;\"><strong>Damasco, 21 ene (SANA)<\/strong><\/span> El l\u00edder de la nueva autoridad siria, Ahmed Al-Sharaa, felicit\u00f3 al presidente estadounidense, Donald Trump, por su investidura oficial como presidente de los Estados Unidos y su juramento constitucional.<\/p>\n<p style=\"text-align: justify;\">En nombre de la direcci\u00f3n y del pueblo de la Rep\u00fablica \u00c1rabe Siria, felicito al se\u00f1or Donald Trump por su investidura como presidente n\u00famero 47 de Estados Unidos, y su elecci\u00f3n es un testimonio de la confianza del pueblo estadounidense en su nuevo liderazgo\u201d, afirm\u00f3 Al-Sharaa en su mensaje difundido en el canal de telegram del Comando General-Siria.<\/p>\n<p style=\"text-align: justify;\">Al-Sharaa destac\u00f3 que la \u00faltima d\u00e9cada caus\u00f3 gran sufrimiento al pueblo sirio debido al conflicto que ha causado gran deterioro y agitaci\u00f3n en la regi\u00f3n, y expres\u00f3 su confianza en que Trump sea el presidente que traer\u00e1 la paz y restaurar\u00e1 la estabilidad a la regi\u00f3n.<\/p>\n<p style=\"text-align: justify;\">El l\u00edder de la nueva administraci\u00f3n siria agreg\u00f3: \u201cEsperamos mejorar nuestras relaciones bilaterales sobre la base del di\u00e1logo y el entendimiento, y creemos que con esta administraci\u00f3n, Estados Unidos y Siria aprovechar\u00e1n la oportunidad para \u201cformar una asociaci\u00f3n que logre las aspiraciones de los pueblos, el sirio y el estadounidense\u201d.<\/p>\n<p style=\"text-align: justify;\">\u201cReiteramos nuestras m\u00e1s sinceras felicitaciones y deseamos \u00e9xito al presidente Trump y fuerza y bienestar al pueblo estadounidense\u201d, concluy\u00f3 Al-Sharaa su mensaje.<\/p>\n<p style=\"text-align: justify;\">\n","protected":false},"excerpt":{"rendered":"<p>Damasco, 21 ene (SANA) El l\u00edder de la nueva autoridad siria, Ahmed Al-Sharaa, felicit\u00f3 al presidente estadounidense, Donald Trump, por su investidura oficial como presidente de los Estados Unidos y su juramento constitucional. En nombre de la direcci\u00f3n y del pueblo de la Rep\u00fablica \u00c1rabe Siria, felicito al se\u00f1or Donald Trump por su investidura como &hellip;<\/p>\n","protected":false},"author":42,"featured_media":345754,"comment_status":"closed","ping_status":"closed","sticky":false,"template":"","format":"standard","meta":{"footnotes":""},"categories":[597,20724,467,583],"tags":[],"class_list":["post-345753","post","type-post","status-publish","format-standard","has-post-thumbnail","","category-cinta-de-noticias","category-minuto-a-minuto","category-siria-y-el-mundo","category-slide"],"_links":{"self":[{"href":"https:\/\/archive.sana.sy\/es\/index.php?rest_route=\/wp\/v2\/posts\/345753"}],"collection":[{"href":"https:\/\/archive.sana.sy\/es\/index.php?rest_route=\/wp\/v2\/posts"}],"about":[{"href":"https:\/\/archive.sana.sy\/es\/index.php?rest_route=\/wp\/v2\/types\/post"}],"author":[{"embeddable":true,"href":"https:\/\/archive.sana.sy\/es\/index.php?rest_route=\/wp\/v2\/users\/42"}],"replies":[{"embeddable":true,"href":"https:\/\/archive.sana.sy\/es\/index.php?rest_route=%2Fwp%2Fv2%2Fcomments&post=345753"}],"version-history":[{"count":1,"href":"https:\/\/archive.sana.sy\/es\/index.php?rest_route=\/wp\/v2\/posts\/345753\/revisions"}],"predecessor-version":[{"id":345755,"href":"https:\/\/archive.sana.sy\/es\/index.php?rest_route=\/wp\/v2\/posts\/345753\/revisions\/345755"}],"wp:featuredmedia":[{"embeddable":true,"href":"https:\/\/archive.sana.sy\/es\/index.php?rest_route=\/wp\/v2\/media\/345754"}],"wp:attachment":[{"href":"https:\/\/archive.sana.sy\/es\/index.php?rest_route=%2Fwp%2Fv2%2Fmedia&parent=345753"}],"wp:term":[{"taxonomy":"category","embeddable":true,"href":"https:\/\/archive.sana.sy\/es\/index.php?rest_route=%2Fwp%2Fv2%2Fcategories&post=345753"},{"taxonomy":"post_tag","embeddable":true,"href":"https:\/\/archive.sana.sy\/es\/index.php?rest_route=%2Fwp%2Fv2%2Ftags&post=345753"}],"curies":[{"name":"wp","href":"https:\/\/api.w.org\/{rel}","templated":true}]}}