{"id":345756,"date":"2025-01-21T11:19:10","date_gmt":"2025-01-21T08:19:10","guid":{"rendered":"https:\/\/sana.sy\/es\/?p=345756"},"modified":"2025-01-21T11:19:10","modified_gmt":"2025-01-21T08:19:10","slug":"llega-a-siria-un-avion-qatari-cargado-con-ayuda-humanitaria","status":"publish","type":"post","link":"https:\/\/archive.sana.sy\/es\/?p=345756","title":{"rendered":"Llega a Siria un avi\u00f3n qatar\u00ed cargado con ayuda humanitaria"},"content":{"rendered":"<p style=\"text-align: justify;\"><span style=\"color: #800000;\"><strong>Damasco, 21 ene (SANA)<\/strong><\/span> Un avi\u00f3n qatar\u00ed aterriz\u00f3 hoy en el Aeropuerto Internacional de Damasco, cargado con suministros y alimentos proporcionados por el Fondo de Desarrollo de Qatar.<\/p>\n<p style=\"text-align: justify;\">El avi\u00f3n es el d\u00e9cimo segundo del puente a\u00e9reo. Anteriormente, llegaron tres al aeropuerto de Gaziantep en Turqu\u00eda, un avi\u00f3n a Jordania y otro al L\u00edbano, adem\u00e1s de seis aeronaves que llegaron al aeropuerto de Damasco.<\/p>\n<p style=\"text-align: justify;\">El puente a\u00e9reo qatar\u00ed contin\u00faa a un ritmo de dos veces por semana, para apoyar al pueblo sirio en todas las gobernaciones.<\/p>\n","protected":false},"excerpt":{"rendered":"<p>Damasco, 21 ene (SANA) Un avi\u00f3n qatar\u00ed aterriz\u00f3 hoy en el Aeropuerto Internacional de Damasco, cargado con suministros y alimentos proporcionados por el Fondo de Desarrollo de Qatar. El avi\u00f3n es el d\u00e9cimo segundo del puente a\u00e9reo. Anteriormente, llegaron tres al aeropuerto de Gaziantep en Turqu\u00eda, un avi\u00f3n a Jordania y otro al L\u00edbano, adem\u00e1s &hellip;<\/p>\n","protected":false},"author":42,"featured_media":345757,"comment_status":"closed","ping_status":"closed","sticky":false,"template":"","format":"standard","meta":{"footnotes":""},"categories":[597,20724,467,7541],"tags":[],"class_list":["post-345756","post","type-post","status-publish","format-standard","has-post-thumbnail","","category-cinta-de-noticias","category-minuto-a-minuto","category-siria-y-el-mundo","category-ultimas-noticias"],"_links":{"self":[{"href":"https:\/\/archive.sana.sy\/es\/index.php?rest_route=\/wp\/v2\/posts\/345756"}],"collection":[{"href":"https:\/\/archive.sana.sy\/es\/index.php?rest_route=\/wp\/v2\/posts"}],"about":[{"href":"https:\/\/archive.sana.sy\/es\/index.php?rest_route=\/wp\/v2\/types\/post"}],"author":[{"embeddable":true,"href":"https:\/\/archive.sana.sy\/es\/index.php?rest_route=\/wp\/v2\/users\/42"}],"replies":[{"embeddable":true,"href":"https:\/\/archive.sana.sy\/es\/index.php?rest_route=%2Fwp%2Fv2%2Fcomments&post=345756"}],"version-history":[{"count":1,"href":"https:\/\/archive.sana.sy\/es\/index.php?rest_route=\/wp\/v2\/posts\/345756\/revisions"}],"predecessor-version":[{"id":345758,"href":"https:\/\/archive.sana.sy\/es\/index.php?rest_route=\/wp\/v2\/posts\/345756\/revisions\/345758"}],"wp:featuredmedia":[{"embeddable":true,"href":"https:\/\/archive.sana.sy\/es\/index.php?rest_route=\/wp\/v2\/media\/345757"}],"wp:attachment":[{"href":"https:\/\/archive.sana.sy\/es\/index.php?rest_route=%2Fwp%2Fv2%2Fmedia&parent=345756"}],"wp:term":[{"taxonomy":"category","embeddable":true,"href":"https:\/\/archive.sana.sy\/es\/index.php?rest_route=%2Fwp%2Fv2%2Fcategories&post=345756"},{"taxonomy":"post_tag","embeddable":true,"href":"https:\/\/archive.sana.sy\/es\/index.php?rest_route=%2Fwp%2Fv2%2Ftags&post=345756"}],"curies":[{"name":"wp","href":"https:\/\/api.w.org\/{rel}","templated":true}]}}