{"id":345865,"date":"2025-01-23T15:27:48","date_gmt":"2025-01-23T12:27:48","guid":{"rendered":"https:\/\/sana.sy\/es\/?p=345865"},"modified":"2025-01-23T15:27:48","modified_gmt":"2025-01-23T12:27:48","slug":"turquia-reitera-apoyo-a-siria-para-garantizar-su-soberania-unidad-e-integridad-territorial","status":"publish","type":"post","link":"https:\/\/archive.sana.sy\/es\/?p=345865","title":{"rendered":"Turqu\u00eda reitera apoyo a Siria para garantizar su soberan\u00eda, unidad e integridad territorial"},"content":{"rendered":"<p style=\"text-align: justify;\"><span style=\"color: #800000;\"><strong>Ankara, 23 ene (SANA)<\/strong><\/span> Turqu\u00eda reiter\u00f3 su apoyo a los esfuerzos de la nueva administraci\u00f3n siria para garantizar la preservaci\u00f3n de la soberan\u00eda de Siria y la unidad e integridad de sus territorios.<\/p>\n<p style=\"text-align: justify;\">El Departamento de Comunicaciones de la Presidencia turca a trav\u00e9s de la plataforma \u201cX\u201d public\u00f3 que el Consejo de Seguridad Nacional de Turqu\u00eda, que se reuni\u00f3 ayer bajo la presidencia del presidente Recep Tayyip Erdogan, emiti\u00f3 un comunicado en el cual Ankara afirma su apoyo a las nuevas autoridades sirias para garantizar la soberan\u00eda, la estructura unitaria, la integridad territorial y la unidad pol\u00edtica del Estado.<\/p>\n<p style=\"text-align: justify;\">Adem\u00e1s,\u00a0 la declaraci\u00f3n enfatiz\u00f3 asegurar los derechos y libertades fundamentales de todos los grupos \u00e9tnicos, religiosos y sectarios del pa\u00eds, la reconstrucci\u00f3n de Siria y el logro de los objetivos bienestar y la seguridad del pueblo sirio.<\/p>\n<p style=\"text-align: justify;\">Asimismo, destac\u00f3 que la escalada de violaciones israel\u00edes que pasan por alto el derecho internacional y se extienden al territorio sirio constituye un obst\u00e1culo para lograr la estabilidad en la regi\u00f3n.<\/p>\n<p style=\"text-align: justify;\">ahs\/sm<\/p>\n","protected":false},"excerpt":{"rendered":"<p>Ankara, 23 ene (SANA) Turqu\u00eda reiter\u00f3 su apoyo a los esfuerzos de la nueva administraci\u00f3n siria para garantizar la preservaci\u00f3n de la soberan\u00eda de Siria y la unidad e integridad de sus territorios. El Departamento de Comunicaciones de la Presidencia turca a trav\u00e9s de la plataforma \u201cX\u201d public\u00f3 que el Consejo de Seguridad Nacional de &hellip;<\/p>\n","protected":false},"author":43,"featured_media":345866,"comment_status":"closed","ping_status":"closed","sticky":false,"template":"","format":"standard","meta":{"footnotes":""},"categories":[597,20724,467,7541],"tags":[],"class_list":["post-345865","post","type-post","status-publish","format-standard","has-post-thumbnail","","category-cinta-de-noticias","category-minuto-a-minuto","category-siria-y-el-mundo","category-ultimas-noticias"],"_links":{"self":[{"href":"https:\/\/archive.sana.sy\/es\/index.php?rest_route=\/wp\/v2\/posts\/345865"}],"collection":[{"href":"https:\/\/archive.sana.sy\/es\/index.php?rest_route=\/wp\/v2\/posts"}],"about":[{"href":"https:\/\/archive.sana.sy\/es\/index.php?rest_route=\/wp\/v2\/types\/post"}],"author":[{"embeddable":true,"href":"https:\/\/archive.sana.sy\/es\/index.php?rest_route=\/wp\/v2\/users\/43"}],"replies":[{"embeddable":true,"href":"https:\/\/archive.sana.sy\/es\/index.php?rest_route=%2Fwp%2Fv2%2Fcomments&post=345865"}],"version-history":[{"count":1,"href":"https:\/\/archive.sana.sy\/es\/index.php?rest_route=\/wp\/v2\/posts\/345865\/revisions"}],"predecessor-version":[{"id":345867,"href":"https:\/\/archive.sana.sy\/es\/index.php?rest_route=\/wp\/v2\/posts\/345865\/revisions\/345867"}],"wp:featuredmedia":[{"embeddable":true,"href":"https:\/\/archive.sana.sy\/es\/index.php?rest_route=\/wp\/v2\/media\/345866"}],"wp:attachment":[{"href":"https:\/\/archive.sana.sy\/es\/index.php?rest_route=%2Fwp%2Fv2%2Fmedia&parent=345865"}],"wp:term":[{"taxonomy":"category","embeddable":true,"href":"https:\/\/archive.sana.sy\/es\/index.php?rest_route=%2Fwp%2Fv2%2Fcategories&post=345865"},{"taxonomy":"post_tag","embeddable":true,"href":"https:\/\/archive.sana.sy\/es\/index.php?rest_route=%2Fwp%2Fv2%2Ftags&post=345865"}],"curies":[{"name":"wp","href":"https:\/\/api.w.org\/{rel}","templated":true}]}}