{"id":345868,"date":"2025-01-23T15:46:56","date_gmt":"2025-01-23T12:46:56","guid":{"rendered":"https:\/\/sana.sy\/es\/?p=345868"},"modified":"2025-01-23T15:46:56","modified_gmt":"2025-01-23T12:46:56","slug":"canciller-de-bielorrusia-afirma-el-apoyo-de-su-pais-a-la-soberania-independencia-e-integridad-territorial-de-siria","status":"publish","type":"post","link":"https:\/\/archive.sana.sy\/es\/?p=345868","title":{"rendered":"Canciller de Bielorrusia afirma el apoyo de su pa\u00eds a la soberan\u00eda, independencia e integridad territorial de Siria"},"content":{"rendered":"<p style=\"text-align: justify;\"><span style=\"color: #800000;\"><strong>Minsk, 23 ene (SANA)\u00a0<\/strong> <\/span>El ministro de Asuntos Exteriores de Bielorrusia, Maxim Vladimirovich Rzhinkov, afirm\u00f3 el apoyo de su pa\u00eds a la soberan\u00eda, la independencia y la integridad territorial de Siria.<\/p>\n<p style=\"text-align: justify;\">\u201cRzhinkov y el jefe de la nueva administraci\u00f3n siria, Ahmad al-Sharaa, analizaron detalladamente la situaci\u00f3n internacional y los conflictos regionales y destacaron el inter\u00e9s mutuo en su pronta soluci\u00f3n\u201d, difundi\u00f3 la agencia de noticias bielorrusa citando al Ministerio de Asuntos Exteriores.<\/p>\n<p style=\"text-align: justify;\">La Canciller\u00eda a\u00f1adi\u00f3 que Bielorrusia defiende la soberan\u00eda, la independencia y la integridad territorial de Siria de acuerdo con las normas internacionalmente reconocidas, asimismo indic\u00f3 que el jefe de la diplomacia bielorrusa anunci\u00f3 su disposici\u00f3n para apoyar a la parte siria en las organizaciones internacionales con el fin de proteger estos principios y levantar las sanciones contra Siria.<\/p>\n<p style=\"text-align: justify;\">Adem\u00e1s, anunci\u00f3 que Bielorrusia proporcionar\u00e1 pr\u00f3ximamente a Siria 50 autobuses MAZ como regalo del Presidente y el pueblo de Bielorrusia al pueblo sirio, explicando que ser\u00e1n fabricados, producidos y entregados a Siria en los pr\u00f3ximos tres meses.<\/p>\n<p style=\"text-align: justify;\">sm<\/p>\n","protected":false},"excerpt":{"rendered":"<p>Minsk, 23 ene (SANA)\u00a0 El ministro de Asuntos Exteriores de Bielorrusia, Maxim Vladimirovich Rzhinkov, afirm\u00f3 el apoyo de su pa\u00eds a la soberan\u00eda, la independencia y la integridad territorial de Siria. \u201cRzhinkov y el jefe de la nueva administraci\u00f3n siria, Ahmad al-Sharaa, analizaron detalladamente la situaci\u00f3n internacional y los conflictos regionales y destacaron el inter\u00e9s &hellip;<\/p>\n","protected":false},"author":39,"featured_media":345869,"comment_status":"closed","ping_status":"closed","sticky":false,"template":"","format":"standard","meta":{"footnotes":""},"categories":[597,20724,467,7541],"tags":[],"class_list":["post-345868","post","type-post","status-publish","format-standard","has-post-thumbnail","","category-cinta-de-noticias","category-minuto-a-minuto","category-siria-y-el-mundo","category-ultimas-noticias"],"_links":{"self":[{"href":"https:\/\/archive.sana.sy\/es\/index.php?rest_route=\/wp\/v2\/posts\/345868"}],"collection":[{"href":"https:\/\/archive.sana.sy\/es\/index.php?rest_route=\/wp\/v2\/posts"}],"about":[{"href":"https:\/\/archive.sana.sy\/es\/index.php?rest_route=\/wp\/v2\/types\/post"}],"author":[{"embeddable":true,"href":"https:\/\/archive.sana.sy\/es\/index.php?rest_route=\/wp\/v2\/users\/39"}],"replies":[{"embeddable":true,"href":"https:\/\/archive.sana.sy\/es\/index.php?rest_route=%2Fwp%2Fv2%2Fcomments&post=345868"}],"version-history":[{"count":1,"href":"https:\/\/archive.sana.sy\/es\/index.php?rest_route=\/wp\/v2\/posts\/345868\/revisions"}],"predecessor-version":[{"id":345870,"href":"https:\/\/archive.sana.sy\/es\/index.php?rest_route=\/wp\/v2\/posts\/345868\/revisions\/345870"}],"wp:featuredmedia":[{"embeddable":true,"href":"https:\/\/archive.sana.sy\/es\/index.php?rest_route=\/wp\/v2\/media\/345869"}],"wp:attachment":[{"href":"https:\/\/archive.sana.sy\/es\/index.php?rest_route=%2Fwp%2Fv2%2Fmedia&parent=345868"}],"wp:term":[{"taxonomy":"category","embeddable":true,"href":"https:\/\/archive.sana.sy\/es\/index.php?rest_route=%2Fwp%2Fv2%2Fcategories&post=345868"},{"taxonomy":"post_tag","embeddable":true,"href":"https:\/\/archive.sana.sy\/es\/index.php?rest_route=%2Fwp%2Fv2%2Ftags&post=345868"}],"curies":[{"name":"wp","href":"https:\/\/api.w.org\/{rel}","templated":true}]}}