{"id":34595,"date":"2015-12-03T15:17:56","date_gmt":"2015-12-03T13:17:56","guid":{"rendered":"http:\/\/sana.sy\/es\/?p=34595"},"modified":"2015-12-03T20:42:39","modified_gmt":"2015-12-03T18:42:39","slug":"al-moallem-recibe-copia-de-las-cartas-credenciales-del-nuevo-embajador-en-pakistan-en-siria","status":"publish","type":"post","link":"https:\/\/archive.sana.sy\/es\/?p=34595","title":{"rendered":"Al-Moallem recibe copia de las cartas credenciales del nuevo embajador en Pakist\u00e1n en Siria"},"content":{"rendered":"<p><span style=\"color: #800000\">Damasco, SANA<\/span><\/p>\n<p>El Viceprimer Ministro y ministro de Exteriores y Expatriados, Walid al-Moallem, recibi\u00f3 a Athar Hussain Bukhari, Embajador de la Rep\u00fablica Isl\u00e1mica de Pakist\u00e1n, quien entreg\u00f3 a al-Moallem una nueva copia de las cartas de su acreditaci\u00f3n como embajador de su pa\u00eds en la Rep\u00fablica \u00c1rabe Siria.<\/p>\n<p>Las conversaciones durante la reuni\u00f3n abordaron las formas de mejorar las relaciones bilaterales entre los dos pa\u00edses amigos en todos los campos.<\/p>\n<p><span style=\"color: #00ccff\">Fady M., Hala B.<\/span><\/p>\n","protected":false},"excerpt":{"rendered":"<p>Damasco, SANA El Viceprimer Ministro y ministro de Exteriores y Expatriados, Walid al-Moallem, recibi\u00f3 a Athar Hussain Bukhari, Embajador de la Rep\u00fablica Isl\u00e1mica de Pakist\u00e1n, quien entreg\u00f3 a al-Moallem una nueva copia de las cartas de su acreditaci\u00f3n como embajador de su pa\u00eds en la Rep\u00fablica \u00c1rabe Siria. Las conversaciones durante la reuni\u00f3n abordaron las &hellip;<\/p>\n","protected":false},"author":1,"featured_media":15882,"comment_status":"closed","ping_status":"closed","sticky":false,"template":"","format":"standard","meta":{"footnotes":""},"categories":[477,476],"tags":[7528],"class_list":["post-34595","post","type-post","status-publish","format-standard","has-post-thumbnail","","category-noticias-edulcorantes","category-locales","tag-al-moallem-recibe-copia-de-las-cartas-credenciales-del-nuevo-embajador-en-pakistan-en-siria"],"_links":{"self":[{"href":"https:\/\/archive.sana.sy\/es\/index.php?rest_route=\/wp\/v2\/posts\/34595"}],"collection":[{"href":"https:\/\/archive.sana.sy\/es\/index.php?rest_route=\/wp\/v2\/posts"}],"about":[{"href":"https:\/\/archive.sana.sy\/es\/index.php?rest_route=\/wp\/v2\/types\/post"}],"author":[{"embeddable":true,"href":"https:\/\/archive.sana.sy\/es\/index.php?rest_route=\/wp\/v2\/users\/1"}],"replies":[{"embeddable":true,"href":"https:\/\/archive.sana.sy\/es\/index.php?rest_route=%2Fwp%2Fv2%2Fcomments&post=34595"}],"version-history":[{"count":0,"href":"https:\/\/archive.sana.sy\/es\/index.php?rest_route=\/wp\/v2\/posts\/34595\/revisions"}],"wp:featuredmedia":[{"embeddable":true,"href":"https:\/\/archive.sana.sy\/es\/index.php?rest_route=\/wp\/v2\/media\/15882"}],"wp:attachment":[{"href":"https:\/\/archive.sana.sy\/es\/index.php?rest_route=%2Fwp%2Fv2%2Fmedia&parent=34595"}],"wp:term":[{"taxonomy":"category","embeddable":true,"href":"https:\/\/archive.sana.sy\/es\/index.php?rest_route=%2Fwp%2Fv2%2Fcategories&post=34595"},{"taxonomy":"post_tag","embeddable":true,"href":"https:\/\/archive.sana.sy\/es\/index.php?rest_route=%2Fwp%2Fv2%2Ftags&post=34595"}],"curies":[{"name":"wp","href":"https:\/\/api.w.org\/{rel}","templated":true}]}}