{"id":34597,"date":"2015-12-03T22:40:03","date_gmt":"2015-12-03T20:40:03","guid":{"rendered":"http:\/\/sana.sy\/es\/?p=34597"},"modified":"2015-12-04T16:45:34","modified_gmt":"2015-12-04T14:45:34","slug":"ejercito-recupera-el-control-de-nueva-zonas-en-el-sur-de-alepo","status":"publish","type":"post","link":"https:\/\/archive.sana.sy\/es\/?p=34597","title":{"rendered":"Ej\u00e9rcito recupera el control de nueva zonas en el sur de Alepo"},"content":{"rendered":"<p><span style=\"color: #800000\">Provincias, SANA<\/span><\/p>\n<p>Fuerzas Amadas recuperan el control de nuevas zonas que estaban ocupadas por las organizaciones terroristas.<\/p>\n<p><span style=\"color: #0000ff\">Alepo<\/span><\/p>\n<p>En el norte del pa\u00eds, las FFAA en cooperaci\u00f3n con las fuerzas de apoyo realizaron un operativo preciso por el cual ampliaron su control sobre el campo sure\u00f1o de Alepo a trav\u00e9s de recuperar la zona de Tal Jairi situada al sur de Tal Dadin, seg\u00fan inform\u00f3 una fuente militar.<\/p>\n<p>La fuente agreg\u00f3 que los uniformados sirios se hicieron del control de dicha zona despu\u00e9s de haber acabado con numerosos terroristas junto con sus fortificaciones.<\/p>\n<p>Asimismo agreg\u00f3 que los zapadores han iniciado la neutralizaci\u00f3n de los artefactos explosivos sembrados por los terroristas en Tal Jairi y sus alrededores con el fin de obstaculizar el avance del ej\u00e9rcito sirio.<\/p>\n<p>La fuente se\u00f1al\u00f3 que fueron destruidos veh\u00edculos del DAESH en ataques a\u00e9reos contra sus sedes en los poblados de Shwierkh, Rasm Abed y Tal Ayub.<\/p>\n<p>Seg\u00fan la misma fuente, fueron devastados puestos de mando en los poblados de Kafar Hamra y Mansoura, adem\u00e1s de arrasar con focos de terroristas en los barrios de Rashidin y Lieramoun.<\/p>\n<p><span style=\"color: #0000ff\">Homs<\/span><\/p>\n<p>Con apoyo de la Fuerzas A\u00e9rea, unidades del ej\u00e9rcito que operan en el este de la provincia de Homs dirigieron duros golpes a las concentraciones de la organizaci\u00f3n terroristas del Estado Isl\u00e1mico.<\/p>\n<p>Fuentes militares informaron que una escuadra militar destruy\u00f3 un veh\u00edculo BMB minado de los terroristas del EI, el cual lo conduc\u00eda un suicida que intent\u00f3 detonarlo entre las fuerzas sirias que avanzaban hacia la ciudad de Qarayteen, a 85 km al sudeste de Homs.<\/p>\n<p>Las fuentes indicaron que el ej\u00e9rcito destruy\u00f3 en la misma zona a 15 veh\u00edculos y mat\u00f3 a todos los terroristas que se trasladaban en los mismos.<\/p>\n<p><span style=\"color: #0000ff\">Dier Ezzor<\/span><\/p>\n<p>Unidades de las fuerzas armadas arrasaron con zulos y veh\u00edculos de la organizaci\u00f3n terrorista del EIIL en Hweqa y en los barrios de Hamidieh, Matar y Amal.<\/p>\n<p>Entretanto, unidades de las fuerzas armadas que operan en el aeropuerto militar lanzaron varias ofensivas contra centros de concentraci\u00f3n y veh\u00edculos de terroristas, infligiendo colosales p\u00e9rdidas en las filas del DAESH.<\/p>\n<p><span style=\"color: #0000ff\">Deraa<\/span><\/p>\n<p>El ej\u00e9rcito dirigi\u00f3 golpes contra posiciones de las organizaciones terroristas, en las afueras del barrio Menshieh, ciudad de Deraa.<\/p>\n<p>Una fuente dijo que los ataques resultaron en la destrucci\u00f3n de focos del frente Al-Nusra.<\/p>\n<p><span style=\"color: #0000ff\">Latakia<\/span><\/p>\n<p>Una fuente militar inform\u00f3 que aviones militares sirios llevaron a cabo incursiones contra zulos del frente Al.Nusra en los poblados de Buz Kherbeh, Ako, Kabani y Gharbha ubicados en la localidad de Kansaba en la campi\u00f1a noreste.<\/p>\n<p>La fuente confirm\u00f3 la muerte de decenas de extremistas y la destrucci\u00f3n de sus veh\u00edculos y fortines.<\/p>\n<p><span style=\"color: #0000ff\">Hama<\/span><\/p>\n<p>Aviones de combate sirios han atacado refugios y centros de concentraci\u00f3n de terroristas entre los poblados de Morek y Latamineh.<\/p>\n<p>Una fuente militar confirm\u00f3 la destrucci\u00f3n de refugios y varios veh\u00edculos cargados con armas y municiones de los extremistas en los mencionados poblados.<\/p>\n<p>Seg\u00fan la fuente, fueron abatidos m\u00e1s de 28 extremistas en Kafar Zieta y Morek.<\/p>\n<p><span style=\"color: #000000\">Fady M., Hala B., Lynn A.-Y.K.<\/span><\/p>\n","protected":false},"excerpt":{"rendered":"<p>Provincias, SANA Fuerzas Amadas recuperan el control de nuevas zonas que estaban ocupadas por las organizaciones terroristas. Alepo En el norte del pa\u00eds, las FFAA en cooperaci\u00f3n con las fuerzas de apoyo realizaron un operativo preciso por el cual ampliaron su control sobre el campo sure\u00f1o de Alepo a trav\u00e9s de recuperar la zona de &hellip;<\/p>\n","protected":false},"author":1,"featured_media":34598,"comment_status":"closed","ping_status":"closed","sticky":false,"template":"","format":"standard","meta":{"footnotes":""},"categories":[573],"tags":[7529],"class_list":["post-34597","post","type-post","status-publish","format-standard","has-post-thumbnail","","category-la-realidad-de-los-acontecimientos-en-siria","tag-ejercito-recupera-el-control-de-nueva-zonas-en-el-sur-de-alepo"],"_links":{"self":[{"href":"https:\/\/archive.sana.sy\/es\/index.php?rest_route=\/wp\/v2\/posts\/34597"}],"collection":[{"href":"https:\/\/archive.sana.sy\/es\/index.php?rest_route=\/wp\/v2\/posts"}],"about":[{"href":"https:\/\/archive.sana.sy\/es\/index.php?rest_route=\/wp\/v2\/types\/post"}],"author":[{"embeddable":true,"href":"https:\/\/archive.sana.sy\/es\/index.php?rest_route=\/wp\/v2\/users\/1"}],"replies":[{"embeddable":true,"href":"https:\/\/archive.sana.sy\/es\/index.php?rest_route=%2Fwp%2Fv2%2Fcomments&post=34597"}],"version-history":[{"count":0,"href":"https:\/\/archive.sana.sy\/es\/index.php?rest_route=\/wp\/v2\/posts\/34597\/revisions"}],"wp:featuredmedia":[{"embeddable":true,"href":"https:\/\/archive.sana.sy\/es\/index.php?rest_route=\/wp\/v2\/media\/34598"}],"wp:attachment":[{"href":"https:\/\/archive.sana.sy\/es\/index.php?rest_route=%2Fwp%2Fv2%2Fmedia&parent=34597"}],"wp:term":[{"taxonomy":"category","embeddable":true,"href":"https:\/\/archive.sana.sy\/es\/index.php?rest_route=%2Fwp%2Fv2%2Fcategories&post=34597"},{"taxonomy":"post_tag","embeddable":true,"href":"https:\/\/archive.sana.sy\/es\/index.php?rest_route=%2Fwp%2Fv2%2Ftags&post=34597"}],"curies":[{"name":"wp","href":"https:\/\/api.w.org\/{rel}","templated":true}]}}