{"id":34601,"date":"2015-12-03T13:51:23","date_gmt":"2015-12-03T11:51:23","guid":{"rendered":"http:\/\/sana.sy\/es\/?p=34601"},"modified":"2015-12-03T13:51:23","modified_gmt":"2015-12-03T11:51:23","slug":"parlamento-aprueba-dos-proyectos-de-ley-sobre-los-certificados-de-nacimiento-y-fallecimiento","status":"publish","type":"post","link":"https:\/\/archive.sana.sy\/es\/?p=34601","title":{"rendered":"Parlamento aprueba dos proyectos de ley sobre los certificados de nacimiento y fallecimiento"},"content":{"rendered":"<p><span style=\"color: #800000\">Damasco, SANA<\/span><\/p>\n<p>En su sesi\u00f3n de este jueves, la Asamblea del Pueblo aprob\u00f3 enmiendas al decreto legislativo No. 26 relativo al registro civil, en t\u00e9rminos de facilitar el registro de los certificados de nacimiento y muerte.<\/p>\n<p>El Ministro del Interior, el mayor general Mohamed Ibrahim al-Shaar, dijo que la ley toma en cuenta las circunstancias actuales experimentadas por el pa\u00eds y las personas obligadas a abandonar sus hogares y desplazarse a otras provincias m\u00e1s seguras y por lo tanto no lograron inscribir los hechos de nacimiento y muerte.<\/p>\n<p>Asimismo, el parlamento aprob\u00f3 varias enmiendas a la ley del Servicio Militar.<\/p>\n<p><span style=\"color: #00ccff\">Fady M., Hala B.<\/span><\/p>\n","protected":false},"excerpt":{"rendered":"<p>Damasco, SANA En su sesi\u00f3n de este jueves, la Asamblea del Pueblo aprob\u00f3 enmiendas al decreto legislativo No. 26 relativo al registro civil, en t\u00e9rminos de facilitar el registro de los certificados de nacimiento y muerte. El Ministro del Interior, el mayor general Mohamed Ibrahim al-Shaar, dijo que la ley toma en cuenta las circunstancias &hellip;<\/p>\n","protected":false},"author":1,"featured_media":34602,"comment_status":"closed","ping_status":"closed","sticky":false,"template":"","format":"standard","meta":{"footnotes":""},"categories":[477,597,476],"tags":[7530],"class_list":["post-34601","post","type-post","status-publish","format-standard","has-post-thumbnail","","category-noticias-edulcorantes","category-cinta-de-noticias","category-locales","tag-parlamento-aprueba-dos-proyectos-de-ley-sobre-los-certificados-de-nacimiento-y-fallecimiento"],"_links":{"self":[{"href":"https:\/\/archive.sana.sy\/es\/index.php?rest_route=\/wp\/v2\/posts\/34601"}],"collection":[{"href":"https:\/\/archive.sana.sy\/es\/index.php?rest_route=\/wp\/v2\/posts"}],"about":[{"href":"https:\/\/archive.sana.sy\/es\/index.php?rest_route=\/wp\/v2\/types\/post"}],"author":[{"embeddable":true,"href":"https:\/\/archive.sana.sy\/es\/index.php?rest_route=\/wp\/v2\/users\/1"}],"replies":[{"embeddable":true,"href":"https:\/\/archive.sana.sy\/es\/index.php?rest_route=%2Fwp%2Fv2%2Fcomments&post=34601"}],"version-history":[{"count":0,"href":"https:\/\/archive.sana.sy\/es\/index.php?rest_route=\/wp\/v2\/posts\/34601\/revisions"}],"wp:featuredmedia":[{"embeddable":true,"href":"https:\/\/archive.sana.sy\/es\/index.php?rest_route=\/wp\/v2\/media\/34602"}],"wp:attachment":[{"href":"https:\/\/archive.sana.sy\/es\/index.php?rest_route=%2Fwp%2Fv2%2Fmedia&parent=34601"}],"wp:term":[{"taxonomy":"category","embeddable":true,"href":"https:\/\/archive.sana.sy\/es\/index.php?rest_route=%2Fwp%2Fv2%2Fcategories&post=34601"},{"taxonomy":"post_tag","embeddable":true,"href":"https:\/\/archive.sana.sy\/es\/index.php?rest_route=%2Fwp%2Fv2%2Ftags&post=34601"}],"curies":[{"name":"wp","href":"https:\/\/api.w.org\/{rel}","templated":true}]}}