{"id":346047,"date":"2025-01-26T19:31:02","date_gmt":"2025-01-26T16:31:02","guid":{"rendered":"https:\/\/sana.sy\/es\/?p=346047"},"modified":"2025-01-26T19:31:29","modified_gmt":"2025-01-26T16:31:29","slug":"cancilleres-de-irak-y-turkiye-abordan-la-situacion-en-siria","status":"publish","type":"post","link":"https:\/\/archive.sana.sy\/es\/?p=346047","title":{"rendered":"Cancilleres de Irak y T\u00fcrkiye abordan la situaci\u00f3n en Siria"},"content":{"rendered":"<p style=\"text-align: justify;\"><span style=\"color: #800000;\"><strong>Bagdad, 26 ene (SANA)\u00a0<\/strong><\/span> El ministro de Asuntos Exteriores de Irak, Fuad Hussein, se reuni\u00f3 hoy con su hom\u00f3logo turco, Hakan Fidan, en la capital iraqu\u00ed, Bagdad.<\/p>\n<p style=\"text-align: justify;\">En una conferencia de prensa celebrada tras la reuni\u00f3n, el canciller turco destac\u00f3 la necesidad de consolidar la capacidad de T\u00fcrkiye, Siria e Irak para luchar y erradicar todas las formas del terrorismo.<\/p>\n<p style=\"text-align: justify;\">Por su parte, el jefe de la diplomacia iraqu\u00ed se\u00f1al\u00f3 la comunicaci\u00f3n continua de su pa\u00eds con la nueva administraci\u00f3n siria para combatir el terrorismo.<\/p>\n<p style=\"text-align: justify;\">\u201cHay varios campos de trabajo conjunto con Turqu\u00eda a nivel econ\u00f3mico y pol\u00edtico, especialmente en c\u00f3mo abordar la situaci\u00f3n en Siria\u201d, indic\u00f3.<\/p>\n","protected":false},"excerpt":{"rendered":"<p>Bagdad, 26 ene (SANA)\u00a0 El ministro de Asuntos Exteriores de Irak, Fuad Hussein, se reuni\u00f3 hoy con su hom\u00f3logo turco, Hakan Fidan, en la capital iraqu\u00ed, Bagdad. En una conferencia de prensa celebrada tras la reuni\u00f3n, el canciller turco destac\u00f3 la necesidad de consolidar la capacidad de T\u00fcrkiye, Siria e Irak para luchar y erradicar &hellip;<\/p>\n","protected":false},"author":31,"featured_media":346048,"comment_status":"closed","ping_status":"closed","sticky":false,"template":"","format":"standard","meta":{"footnotes":""},"categories":[597,20724,467],"tags":[],"class_list":["post-346047","post","type-post","status-publish","format-standard","has-post-thumbnail","","category-cinta-de-noticias","category-minuto-a-minuto","category-siria-y-el-mundo"],"_links":{"self":[{"href":"https:\/\/archive.sana.sy\/es\/index.php?rest_route=\/wp\/v2\/posts\/346047"}],"collection":[{"href":"https:\/\/archive.sana.sy\/es\/index.php?rest_route=\/wp\/v2\/posts"}],"about":[{"href":"https:\/\/archive.sana.sy\/es\/index.php?rest_route=\/wp\/v2\/types\/post"}],"author":[{"embeddable":true,"href":"https:\/\/archive.sana.sy\/es\/index.php?rest_route=\/wp\/v2\/users\/31"}],"replies":[{"embeddable":true,"href":"https:\/\/archive.sana.sy\/es\/index.php?rest_route=%2Fwp%2Fv2%2Fcomments&post=346047"}],"version-history":[{"count":1,"href":"https:\/\/archive.sana.sy\/es\/index.php?rest_route=\/wp\/v2\/posts\/346047\/revisions"}],"predecessor-version":[{"id":346049,"href":"https:\/\/archive.sana.sy\/es\/index.php?rest_route=\/wp\/v2\/posts\/346047\/revisions\/346049"}],"wp:featuredmedia":[{"embeddable":true,"href":"https:\/\/archive.sana.sy\/es\/index.php?rest_route=\/wp\/v2\/media\/346048"}],"wp:attachment":[{"href":"https:\/\/archive.sana.sy\/es\/index.php?rest_route=%2Fwp%2Fv2%2Fmedia&parent=346047"}],"wp:term":[{"taxonomy":"category","embeddable":true,"href":"https:\/\/archive.sana.sy\/es\/index.php?rest_route=%2Fwp%2Fv2%2Fcategories&post=346047"},{"taxonomy":"post_tag","embeddable":true,"href":"https:\/\/archive.sana.sy\/es\/index.php?rest_route=%2Fwp%2Fv2%2Ftags&post=346047"}],"curies":[{"name":"wp","href":"https:\/\/api.w.org\/{rel}","templated":true}]}}