{"id":346057,"date":"2025-01-27T13:41:04","date_gmt":"2025-01-27T10:41:04","guid":{"rendered":"https:\/\/sana.sy\/es\/?p=346057"},"modified":"2025-01-27T13:41:28","modified_gmt":"2025-01-27T10:41:28","slug":"turkiye-afirma-que-estabilidad-en-siria-es-crucial-para-la-region-y-el-mundo","status":"publish","type":"post","link":"https:\/\/archive.sana.sy\/es\/?p=346057","title":{"rendered":"T\u00fcrkiye afirma que estabilidad en Siria es crucial para la regi\u00f3n y el mundo"},"content":{"rendered":"<p style=\"text-align: justify;\"><span style=\"color: #800000;\"><strong>Ankara, 27 ene (SANA)\u00a0<\/strong><\/span> \u00a0El ministro de Asuntos Exteriores de T\u00fcrkiye, Hakan Fidan, subray\u00f3 la importancia de unir todos los esfuerzos para restablecer la estabilidad en Siria.<\/p>\n<p style=\"text-align: justify;\">\u201cCompartimos una frontera de 911 kil\u00f3metros con Siria, por lo que la estabilidad de este pa\u00eds es importante para nosotros y haremos todos los esfuerzos posibles con nuestros socios internacionales para lograr este objetivo\u201d, dijo el diplom\u00e1tico turco en una entrevista con el canal saud\u00ed Al-Sharq.<\/p>\n<p style=\"text-align: justify;\">Enfatiz\u00f3 que su pa\u00eds est\u00e1 haciendo todo lo posible para reconstruir Siria, a trav\u00e9s de la cooperaci\u00f3n con la Liga \u00c1rabe, los Estados del Golfo, la Organizaci\u00f3n de Cooperaci\u00f3n Isl\u00e1mica, la Uni\u00f3n Europea, Estados Unidos y otros pa\u00edses, adem\u00e1s de organizaciones regionales e internacionales.<\/p>\n<p style=\"text-align: justify;\">Queremos adoptar una pol\u00edtica que priorice una mayor estabilidad para Siria, en cooperaci\u00f3n con Arabia Saudita, Emiratos \u00c1rabes Unidos, Qatar, Egipto, Jordania e Irak, agreg\u00f3 Fidan.<\/p>\n<p style=\"text-align: justify;\">El canciller turco expres\u00f3 su esperanza de que la Uni\u00f3n Europea levante algunas de las sanciones impuestas a Siria en los pr\u00f3ximos.<\/p>\n<p style=\"text-align: justify;\"><span style=\"color: #800000;\"><strong>ws\/fm<\/strong><\/span><\/p>\n","protected":false},"excerpt":{"rendered":"<p>Ankara, 27 ene (SANA)\u00a0 \u00a0El ministro de Asuntos Exteriores de T\u00fcrkiye, Hakan Fidan, subray\u00f3 la importancia de unir todos los esfuerzos para restablecer la estabilidad en Siria. \u201cCompartimos una frontera de 911 kil\u00f3metros con Siria, por lo que la estabilidad de este pa\u00eds es importante para nosotros y haremos todos los esfuerzos posibles con nuestros &hellip;<\/p>\n","protected":false},"author":35,"featured_media":346058,"comment_status":"closed","ping_status":"closed","sticky":false,"template":"","format":"standard","meta":{"footnotes":""},"categories":[597,456,16687,20724,467,7541],"tags":[],"class_list":["post-346057","post","type-post","status-publish","format-standard","has-post-thumbnail","","category-cinta-de-noticias","category-arabe-internacional-politica","category-internacionales","category-minuto-a-minuto","category-siria-y-el-mundo","category-ultimas-noticias"],"_links":{"self":[{"href":"https:\/\/archive.sana.sy\/es\/index.php?rest_route=\/wp\/v2\/posts\/346057"}],"collection":[{"href":"https:\/\/archive.sana.sy\/es\/index.php?rest_route=\/wp\/v2\/posts"}],"about":[{"href":"https:\/\/archive.sana.sy\/es\/index.php?rest_route=\/wp\/v2\/types\/post"}],"author":[{"embeddable":true,"href":"https:\/\/archive.sana.sy\/es\/index.php?rest_route=\/wp\/v2\/users\/35"}],"replies":[{"embeddable":true,"href":"https:\/\/archive.sana.sy\/es\/index.php?rest_route=%2Fwp%2Fv2%2Fcomments&post=346057"}],"version-history":[{"count":2,"href":"https:\/\/archive.sana.sy\/es\/index.php?rest_route=\/wp\/v2\/posts\/346057\/revisions"}],"predecessor-version":[{"id":346060,"href":"https:\/\/archive.sana.sy\/es\/index.php?rest_route=\/wp\/v2\/posts\/346057\/revisions\/346060"}],"wp:featuredmedia":[{"embeddable":true,"href":"https:\/\/archive.sana.sy\/es\/index.php?rest_route=\/wp\/v2\/media\/346058"}],"wp:attachment":[{"href":"https:\/\/archive.sana.sy\/es\/index.php?rest_route=%2Fwp%2Fv2%2Fmedia&parent=346057"}],"wp:term":[{"taxonomy":"category","embeddable":true,"href":"https:\/\/archive.sana.sy\/es\/index.php?rest_route=%2Fwp%2Fv2%2Fcategories&post=346057"},{"taxonomy":"post_tag","embeddable":true,"href":"https:\/\/archive.sana.sy\/es\/index.php?rest_route=%2Fwp%2Fv2%2Ftags&post=346057"}],"curies":[{"name":"wp","href":"https:\/\/api.w.org\/{rel}","templated":true}]}}