{"id":346172,"date":"2025-01-29T19:09:25","date_gmt":"2025-01-29T16:09:25","guid":{"rendered":"https:\/\/sana.sy\/es\/?p=346172"},"modified":"2025-01-29T19:09:54","modified_gmt":"2025-01-29T16:09:54","slug":"ministro-de-finanzas-pide-levantamiento-completo-de-las-sanciones-europeas-impuestas-a-siria","status":"publish","type":"post","link":"https:\/\/archive.sana.sy\/es\/?p=346172","title":{"rendered":"Ministro de Finanzas pide levantamiento completo de las sanciones europeas a Siria"},"content":{"rendered":"<p style=\"text-align: justify\"><span style=\"color: #800000\"><strong>Damasco, 29 ene (SANA)<\/strong> <\/span>El ministro de Finanzas, Mohamed Abazeid, recibi\u00f3 hoy a una delegaci\u00f3n de la Misi\u00f3n de la Uni\u00f3n Europea ante Siria, encabezada por el encargado de negocios, Mikhail Unmacht, y la diplom\u00e1tica H\u00e9l\u00e8ne Le Gall.<\/p>\n<p style=\"text-align: justify\">Durante el encuentro, fueron abordadas las formas de mejorar las relaciones entre Siria y la UE, as\u00ed como la necesidad de levantar las sanciones impuestas al pueblo sirio durante el r\u00e9gimen anterior.<\/p>\n<p style=\"text-align: justify\">En declaraciones a SANA, el ministro Abazeid valor\u00f3 positivamente la decisi\u00f3n de la UE de suavizar las sanciones antisirias por un a\u00f1o, y destac\u00f3 la importancia de seguir avanzado en este tema hacia el levantamiento completo \u00a0y permanente de estas medidas coercitivas, especialmente en los sectores financiero, bancario, petrolero, y de inversiones.<\/p>\n<p style=\"text-align: justify\">Afirm\u00f3 que la eliminaci\u00f3n del bloqueo econ\u00f3mico contribuir\u00e1 a abrir oportunidades para nuevas inversiones tanto europeas como extranjeras en el pa\u00eds, hecho que beneficiar\u00e1 la econom\u00eda siria y mejorar\u00e1 las condiciones de vida del pueblo sirio.<\/p>\n<p style=\"text-align: justify\">El titular sirio pidi\u00f3 descongelar los activos gubernamentales sirios en los bancos europeos, y expresando la plena disposici\u00f3n de Siria de impulsar la cooperaci\u00f3n y relaciones binacionales con Europa.<\/p>\n<p style=\"text-align: justify\">la<\/p>\n","protected":false},"excerpt":{"rendered":"<p>Damasco, 29 ene (SANA) El ministro de Finanzas, Mohamed Abazeid, recibi\u00f3 hoy a una delegaci\u00f3n de la Misi\u00f3n de la Uni\u00f3n Europea ante Siria, encabezada por el encargado de negocios, Mikhail Unmacht, y la diplom\u00e1tica H\u00e9l\u00e8ne Le Gall. Durante el encuentro, fueron abordadas las formas de mejorar las relaciones entre Siria y la UE, as\u00ed &hellip;<\/p>\n","protected":false},"author":24,"featured_media":346173,"comment_status":"closed","ping_status":"closed","sticky":false,"template":"","format":"standard","meta":{"footnotes":""},"categories":[447,597,20724,476,448,467,7541],"tags":[],"class_list":["post-346172","post","type-post","status-publish","format-standard","has-post-thumbnail","","category-local-politica","category-cinta-de-noticias","category-minuto-a-minuto","category-locales","category-noticias","category-siria-y-el-mundo","category-ultimas-noticias"],"_links":{"self":[{"href":"https:\/\/archive.sana.sy\/es\/index.php?rest_route=\/wp\/v2\/posts\/346172"}],"collection":[{"href":"https:\/\/archive.sana.sy\/es\/index.php?rest_route=\/wp\/v2\/posts"}],"about":[{"href":"https:\/\/archive.sana.sy\/es\/index.php?rest_route=\/wp\/v2\/types\/post"}],"author":[{"embeddable":true,"href":"https:\/\/archive.sana.sy\/es\/index.php?rest_route=\/wp\/v2\/users\/24"}],"replies":[{"embeddable":true,"href":"https:\/\/archive.sana.sy\/es\/index.php?rest_route=%2Fwp%2Fv2%2Fcomments&post=346172"}],"version-history":[{"count":2,"href":"https:\/\/archive.sana.sy\/es\/index.php?rest_route=\/wp\/v2\/posts\/346172\/revisions"}],"predecessor-version":[{"id":346175,"href":"https:\/\/archive.sana.sy\/es\/index.php?rest_route=\/wp\/v2\/posts\/346172\/revisions\/346175"}],"wp:featuredmedia":[{"embeddable":true,"href":"https:\/\/archive.sana.sy\/es\/index.php?rest_route=\/wp\/v2\/media\/346173"}],"wp:attachment":[{"href":"https:\/\/archive.sana.sy\/es\/index.php?rest_route=%2Fwp%2Fv2%2Fmedia&parent=346172"}],"wp:term":[{"taxonomy":"category","embeddable":true,"href":"https:\/\/archive.sana.sy\/es\/index.php?rest_route=%2Fwp%2Fv2%2Fcategories&post=346172"},{"taxonomy":"post_tag","embeddable":true,"href":"https:\/\/archive.sana.sy\/es\/index.php?rest_route=%2Fwp%2Fv2%2Ftags&post=346172"}],"curies":[{"name":"wp","href":"https:\/\/api.w.org\/{rel}","templated":true}]}}