{"id":346221,"date":"2025-01-30T17:31:09","date_gmt":"2025-01-30T14:31:09","guid":{"rendered":"https:\/\/sana.sy\/es\/?p=346221"},"modified":"2025-01-30T17:57:37","modified_gmt":"2025-01-30T14:57:37","slug":"rey-saudita-y-principe-heredero-felicitan-a-al-sharaa-por-su-asuncion-de-la-presidencia-de-siria","status":"publish","type":"post","link":"https:\/\/archive.sana.sy\/es\/?p=346221","title":{"rendered":"Rey Saudita y Pr\u00edncipe Heredero felicitan a Al-Sharaa por su asunci\u00f3n de la presidencia de Siria"},"content":{"rendered":"<p style=\"text-align: justify;\"><span style=\"color: #800000;\"><strong>Riad, 30 ene (SANA)<\/strong> <\/span>El Rey Salman bin Abdulaziz Al Saud, y el pr\u00edncipe heredero y primer ministro Mohammed bin Salman bin Abdulaziz Al Saud, enviaron mensajes de felicitaci\u00f3n al presidente de la Rep\u00fablica \u00c1rabe Siria, Ahmed Al- Sharaa, con motivo de su asunci\u00f3n de la presidencia de la Rep\u00fablica.<\/p>\n<p style=\"text-align: justify;\">Su majestad y su alteza expresaron sus deseos a Al-Sharaa \u00e9xito en llevar a Siria hacia un futuro pr\u00f3spero que logre las aspiraciones del hermano pueblo sirio.<\/p>\n<p style=\"text-align: justify;\">fm\/sm<\/p>\n<p style=\"text-align: justify;\">\n","protected":false},"excerpt":{"rendered":"<p>Riad, 30 ene (SANA) El Rey Salman bin Abdulaziz Al Saud, y el pr\u00edncipe heredero y primer ministro Mohammed bin Salman bin Abdulaziz Al Saud, enviaron mensajes de felicitaci\u00f3n al presidente de la Rep\u00fablica \u00c1rabe Siria, Ahmed Al- Sharaa, con motivo de su asunci\u00f3n de la presidencia de la Rep\u00fablica. Su majestad y su alteza &hellip;<\/p>\n","protected":false},"author":39,"featured_media":346230,"comment_status":"closed","ping_status":"closed","sticky":false,"template":"","format":"standard","meta":{"footnotes":""},"categories":[597,456,20724,467,583],"tags":[],"class_list":["post-346221","post","type-post","status-publish","format-standard","has-post-thumbnail","","category-cinta-de-noticias","category-arabe-internacional-politica","category-minuto-a-minuto","category-siria-y-el-mundo","category-slide"],"_links":{"self":[{"href":"https:\/\/archive.sana.sy\/es\/index.php?rest_route=\/wp\/v2\/posts\/346221"}],"collection":[{"href":"https:\/\/archive.sana.sy\/es\/index.php?rest_route=\/wp\/v2\/posts"}],"about":[{"href":"https:\/\/archive.sana.sy\/es\/index.php?rest_route=\/wp\/v2\/types\/post"}],"author":[{"embeddable":true,"href":"https:\/\/archive.sana.sy\/es\/index.php?rest_route=\/wp\/v2\/users\/39"}],"replies":[{"embeddable":true,"href":"https:\/\/archive.sana.sy\/es\/index.php?rest_route=%2Fwp%2Fv2%2Fcomments&post=346221"}],"version-history":[{"count":1,"href":"https:\/\/archive.sana.sy\/es\/index.php?rest_route=\/wp\/v2\/posts\/346221\/revisions"}],"predecessor-version":[{"id":346223,"href":"https:\/\/archive.sana.sy\/es\/index.php?rest_route=\/wp\/v2\/posts\/346221\/revisions\/346223"}],"wp:featuredmedia":[{"embeddable":true,"href":"https:\/\/archive.sana.sy\/es\/index.php?rest_route=\/wp\/v2\/media\/346230"}],"wp:attachment":[{"href":"https:\/\/archive.sana.sy\/es\/index.php?rest_route=%2Fwp%2Fv2%2Fmedia&parent=346221"}],"wp:term":[{"taxonomy":"category","embeddable":true,"href":"https:\/\/archive.sana.sy\/es\/index.php?rest_route=%2Fwp%2Fv2%2Fcategories&post=346221"},{"taxonomy":"post_tag","embeddable":true,"href":"https:\/\/archive.sana.sy\/es\/index.php?rest_route=%2Fwp%2Fv2%2Ftags&post=346221"}],"curies":[{"name":"wp","href":"https:\/\/api.w.org\/{rel}","templated":true}]}}