{"id":346225,"date":"2025-01-30T17:49:41","date_gmt":"2025-01-30T14:49:41","guid":{"rendered":"https:\/\/sana.sy\/es\/?p=346225"},"modified":"2025-01-30T17:49:41","modified_gmt":"2025-01-30T14:49:41","slug":"delegada-de-qatar-en-la-onu-afirma-apoyo-a-las-decisiones-del-pueblo-sirio","status":"publish","type":"post","link":"https:\/\/archive.sana.sy\/es\/?p=346225","title":{"rendered":"Delegada de Qatar en la ONU afirma apoyo a las decisiones del pueblo sirio"},"content":{"rendered":"<p style=\"text-align: justify;\"><span style=\"color: #800000;\"><strong>Nueva York, 30 ene (SANA)<\/strong><\/span> La representante permanente de Qatar ante las Naciones Unidas, Alia Ahmed bin Saif Al Thani, reiter\u00f3 la firme posici\u00f3n de su pa\u00eds de apoyar las decisiones del pueblo sirio y brindar todo tipo de asistencia para lograr sus aspiraciones de progreso y bienestar.<\/p>\n<p style=\"text-align: justify;\">La Agencia de Noticias de Qatar (QNA) inform\u00f3 que la diplom\u00e1tica destac\u00f3 durante una reuni\u00f3n virtual con el enviado especial del Secretario General de las Naciones Unidas a Siria, Geir Pedersen, el inter\u00e9s de su pa\u00eds en levantar las sanciones como un paso esencial para apoyar la seguridad y estabilidad en la hermana Rep\u00fablica \u00c1rabe Siria.<\/p>\n<p style=\"text-align: justify;\">Tambi\u00e9n, se destac\u00f3 en la reuni\u00f3n el continuo apoyo del Estado de Qatar a los esfuerzos de la Oficina del Enviado de las Naciones Unidas a Siria para facilitar un proceso pol\u00edtico integral liderado por Siria.<\/p>\n<p style=\"text-align: justify;\">ahs\/fm<\/p>\n","protected":false},"excerpt":{"rendered":"<p>Nueva York, 30 ene (SANA) La representante permanente de Qatar ante las Naciones Unidas, Alia Ahmed bin Saif Al Thani, reiter\u00f3 la firme posici\u00f3n de su pa\u00eds de apoyar las decisiones del pueblo sirio y brindar todo tipo de asistencia para lograr sus aspiraciones de progreso y bienestar. La Agencia de Noticias de Qatar (QNA) &hellip;<\/p>\n","protected":false},"author":43,"featured_media":346227,"comment_status":"closed","ping_status":"closed","sticky":false,"template":"","format":"standard","meta":{"footnotes":""},"categories":[597,456,20724,467,7541],"tags":[],"class_list":["post-346225","post","type-post","status-publish","format-standard","has-post-thumbnail","","category-cinta-de-noticias","category-arabe-internacional-politica","category-minuto-a-minuto","category-siria-y-el-mundo","category-ultimas-noticias"],"_links":{"self":[{"href":"https:\/\/archive.sana.sy\/es\/index.php?rest_route=\/wp\/v2\/posts\/346225"}],"collection":[{"href":"https:\/\/archive.sana.sy\/es\/index.php?rest_route=\/wp\/v2\/posts"}],"about":[{"href":"https:\/\/archive.sana.sy\/es\/index.php?rest_route=\/wp\/v2\/types\/post"}],"author":[{"embeddable":true,"href":"https:\/\/archive.sana.sy\/es\/index.php?rest_route=\/wp\/v2\/users\/43"}],"replies":[{"embeddable":true,"href":"https:\/\/archive.sana.sy\/es\/index.php?rest_route=%2Fwp%2Fv2%2Fcomments&post=346225"}],"version-history":[{"count":1,"href":"https:\/\/archive.sana.sy\/es\/index.php?rest_route=\/wp\/v2\/posts\/346225\/revisions"}],"predecessor-version":[{"id":346228,"href":"https:\/\/archive.sana.sy\/es\/index.php?rest_route=\/wp\/v2\/posts\/346225\/revisions\/346228"}],"wp:featuredmedia":[{"embeddable":true,"href":"https:\/\/archive.sana.sy\/es\/index.php?rest_route=\/wp\/v2\/media\/346227"}],"wp:attachment":[{"href":"https:\/\/archive.sana.sy\/es\/index.php?rest_route=%2Fwp%2Fv2%2Fmedia&parent=346225"}],"wp:term":[{"taxonomy":"category","embeddable":true,"href":"https:\/\/archive.sana.sy\/es\/index.php?rest_route=%2Fwp%2Fv2%2Fcategories&post=346225"},{"taxonomy":"post_tag","embeddable":true,"href":"https:\/\/archive.sana.sy\/es\/index.php?rest_route=%2Fwp%2Fv2%2Ftags&post=346225"}],"curies":[{"name":"wp","href":"https:\/\/api.w.org\/{rel}","templated":true}]}}