{"id":346231,"date":"2025-01-31T10:40:12","date_gmt":"2025-01-31T07:40:12","guid":{"rendered":"https:\/\/sana.sy\/es\/?p=346231"},"modified":"2025-01-31T10:53:17","modified_gmt":"2025-01-31T07:53:17","slug":"sultan-de-oman-felicita-a-al-sharaa-por-su-asuncion-de-la-presidencia-de-siria","status":"publish","type":"post","link":"https:\/\/archive.sana.sy\/es\/?p=346231","title":{"rendered":"Sult\u00e1n de Om\u00e1n felicita a Al-Sharaa por su asunci\u00f3n de la presidencia de Siria\u00a0\u00a0"},"content":{"rendered":"<p><span style=\"color: #800000;\"><strong>Mascate, 30 ene (SANA)<\/strong><\/span> Su Majestad Haitham bin Tariq, Sult\u00e1n del Sultanato de Om\u00e1n, env\u00eda un telegrama de felicitaci\u00f3n al Presidente de la Rep\u00fablica \u00c1rabe Siria, Ahmed Al-Shara, con motivo de su asunci\u00f3n de la presidencia de la Rep\u00fablica.<\/p>\n<p>El Sult\u00e1n de Om\u00e1n expres\u00f3 sus sinceros deseos de \u00e9xito al mandatario sirio para dirigir al pa\u00eds en esta importante etapa, as\u00ed como para lograr esperanzas y aspiraciones del pueblo sirio.<\/p>\n<p>ahs\/sm<\/p>\n","protected":false},"excerpt":{"rendered":"<p>Mascate, 30 ene (SANA) Su Majestad Haitham bin Tariq, Sult\u00e1n del Sultanato de Om\u00e1n, env\u00eda un telegrama de felicitaci\u00f3n al Presidente de la Rep\u00fablica \u00c1rabe Siria, Ahmed Al-Shara, con motivo de su asunci\u00f3n de la presidencia de la Rep\u00fablica. El Sult\u00e1n de Om\u00e1n expres\u00f3 sus sinceros deseos de \u00e9xito al mandatario sirio para dirigir al &hellip;<\/p>\n","protected":false},"author":43,"featured_media":346232,"comment_status":"closed","ping_status":"closed","sticky":false,"template":"","format":"standard","meta":{"footnotes":""},"categories":[597,456,20724,467,7541],"tags":[],"class_list":["post-346231","post","type-post","status-publish","format-standard","has-post-thumbnail","","category-cinta-de-noticias","category-arabe-internacional-politica","category-minuto-a-minuto","category-siria-y-el-mundo","category-ultimas-noticias"],"_links":{"self":[{"href":"https:\/\/archive.sana.sy\/es\/index.php?rest_route=\/wp\/v2\/posts\/346231"}],"collection":[{"href":"https:\/\/archive.sana.sy\/es\/index.php?rest_route=\/wp\/v2\/posts"}],"about":[{"href":"https:\/\/archive.sana.sy\/es\/index.php?rest_route=\/wp\/v2\/types\/post"}],"author":[{"embeddable":true,"href":"https:\/\/archive.sana.sy\/es\/index.php?rest_route=\/wp\/v2\/users\/43"}],"replies":[{"embeddable":true,"href":"https:\/\/archive.sana.sy\/es\/index.php?rest_route=%2Fwp%2Fv2%2Fcomments&post=346231"}],"version-history":[{"count":1,"href":"https:\/\/archive.sana.sy\/es\/index.php?rest_route=\/wp\/v2\/posts\/346231\/revisions"}],"predecessor-version":[{"id":346233,"href":"https:\/\/archive.sana.sy\/es\/index.php?rest_route=\/wp\/v2\/posts\/346231\/revisions\/346233"}],"wp:featuredmedia":[{"embeddable":true,"href":"https:\/\/archive.sana.sy\/es\/index.php?rest_route=\/wp\/v2\/media\/346232"}],"wp:attachment":[{"href":"https:\/\/archive.sana.sy\/es\/index.php?rest_route=%2Fwp%2Fv2%2Fmedia&parent=346231"}],"wp:term":[{"taxonomy":"category","embeddable":true,"href":"https:\/\/archive.sana.sy\/es\/index.php?rest_route=%2Fwp%2Fv2%2Fcategories&post=346231"},{"taxonomy":"post_tag","embeddable":true,"href":"https:\/\/archive.sana.sy\/es\/index.php?rest_route=%2Fwp%2Fv2%2Ftags&post=346231"}],"curies":[{"name":"wp","href":"https:\/\/api.w.org\/{rel}","templated":true}]}}