{"id":346234,"date":"2025-01-31T10:02:48","date_gmt":"2025-01-31T07:02:48","guid":{"rendered":"https:\/\/sana.sy\/es\/?p=346234"},"modified":"2025-01-31T10:02:48","modified_gmt":"2025-01-31T07:02:48","slug":"el-rey-abdullah-ii-de-jordania-felicita-al-presidente-al-sharaa-por-asumir-la-presidencia-de-la-republica-arabe-siria","status":"publish","type":"post","link":"https:\/\/archive.sana.sy\/es\/?p=346234","title":{"rendered":"El rey Abdullah II de Jordania felicita al presidente Al-Sharaa por asumir la presidencia de la Rep\u00fablica \u00c1rabe Siria"},"content":{"rendered":"<p style=\"text-align: justify;\"><span style=\"color: #800000;\"><strong>Am\u00e1n, 31 ene (SANA)\u00a0<\/strong> <\/span>Su Majestad el Rey Abdullah II, del Reino Hachemita de Jordania, felicit\u00f3 al presidente Ahmed Al-Sharas por asumir la presidencia de la Rep\u00fablica \u00c1rabe Siria.<\/p>\n<p style=\"text-align: justify;\">La Agencia de Noticias de Jordania (Petra) inform\u00f3 que Su Majestad expres\u00f3, en un mensaje enviado en su nombre y en nombre del pueblo y el gobierno del Reino Hachemita de Jordania, sus sinceros deseos de \u00e9xito al presidente Al-Sharaa, y reiter\u00f3 el apoyo de Jordania a la unidad, seguridad y estabilidad de Siria.<\/p>\n<p style=\"text-align: justify;\">Su Majestad el Rey Abdullah II destac\u00f3 el inter\u00e9s de Jordania en consolidar la cooperaci\u00f3n con Siria, apoyar a los hermanos sirios en el desarrollo de su pa\u00eds y mantener la coordinaci\u00f3n en diversas cuestiones, de manera que se logren los intereses comunes y se fortalezca la unidad \u00e1rabe.<\/p>\n","protected":false},"excerpt":{"rendered":"<p>Am\u00e1n, 31 ene (SANA)\u00a0 Su Majestad el Rey Abdullah II, del Reino Hachemita de Jordania, felicit\u00f3 al presidente Ahmed Al-Sharas por asumir la presidencia de la Rep\u00fablica \u00c1rabe Siria. La Agencia de Noticias de Jordania (Petra) inform\u00f3 que Su Majestad expres\u00f3, en un mensaje enviado en su nombre y en nombre del pueblo y el &hellip;<\/p>\n","protected":false},"author":39,"featured_media":346235,"comment_status":"closed","ping_status":"closed","sticky":false,"template":"","format":"standard","meta":{"footnotes":""},"categories":[597,456,20724,467,583],"tags":[],"class_list":["post-346234","post","type-post","status-publish","format-standard","has-post-thumbnail","","category-cinta-de-noticias","category-arabe-internacional-politica","category-minuto-a-minuto","category-siria-y-el-mundo","category-slide"],"_links":{"self":[{"href":"https:\/\/archive.sana.sy\/es\/index.php?rest_route=\/wp\/v2\/posts\/346234"}],"collection":[{"href":"https:\/\/archive.sana.sy\/es\/index.php?rest_route=\/wp\/v2\/posts"}],"about":[{"href":"https:\/\/archive.sana.sy\/es\/index.php?rest_route=\/wp\/v2\/types\/post"}],"author":[{"embeddable":true,"href":"https:\/\/archive.sana.sy\/es\/index.php?rest_route=\/wp\/v2\/users\/39"}],"replies":[{"embeddable":true,"href":"https:\/\/archive.sana.sy\/es\/index.php?rest_route=%2Fwp%2Fv2%2Fcomments&post=346234"}],"version-history":[{"count":1,"href":"https:\/\/archive.sana.sy\/es\/index.php?rest_route=\/wp\/v2\/posts\/346234\/revisions"}],"predecessor-version":[{"id":346236,"href":"https:\/\/archive.sana.sy\/es\/index.php?rest_route=\/wp\/v2\/posts\/346234\/revisions\/346236"}],"wp:featuredmedia":[{"embeddable":true,"href":"https:\/\/archive.sana.sy\/es\/index.php?rest_route=\/wp\/v2\/media\/346235"}],"wp:attachment":[{"href":"https:\/\/archive.sana.sy\/es\/index.php?rest_route=%2Fwp%2Fv2%2Fmedia&parent=346234"}],"wp:term":[{"taxonomy":"category","embeddable":true,"href":"https:\/\/archive.sana.sy\/es\/index.php?rest_route=%2Fwp%2Fv2%2Fcategories&post=346234"},{"taxonomy":"post_tag","embeddable":true,"href":"https:\/\/archive.sana.sy\/es\/index.php?rest_route=%2Fwp%2Fv2%2Ftags&post=346234"}],"curies":[{"name":"wp","href":"https:\/\/api.w.org\/{rel}","templated":true}]}}