{"id":346241,"date":"2025-01-31T10:38:18","date_gmt":"2025-01-31T07:38:18","guid":{"rendered":"https:\/\/sana.sy\/es\/?p=346241"},"modified":"2025-02-06T17:28:41","modified_gmt":"2025-02-06T14:28:41","slug":"siria-y-qatar-enfatizan-desarrollo-de-vinculos-y-fortalecer-lazos-fraternales-entre-ambos-paises","status":"publish","type":"post","link":"https:\/\/archive.sana.sy\/es\/?p=346241","title":{"rendered":"Siria y Qatar enfatizan desarrollo de v\u00ednculos y fortalecimiento de lazos fraternales entre ambos pa\u00edses"},"content":{"rendered":"<p style=\"text-align: justify;\"><span style=\"color: #800000;\"><strong>Damasco, 31 ene (SANA)<\/strong><\/span> El ministro de Asuntos Exteriores, Asaad Al-Shaibani, destac\u00f3 que el Estado de Qatar ha sido un aliado firme del pueblo sirio, y Siria seguir\u00e1 recordando apoyo de Qatar al pueblo sirio y sus causas.<\/p>\n<p style=\"text-align: justify;\">Al-Shaibani dijo durante una conferencia de prensa con el ministro de Estado de Asuntos Exteriores de Qatar, Mohammed bin Abdulaziz Al-Khulaifi: Abordamos hoy con la delegaci\u00f3n de Qatar un marco integral para la cooperaci\u00f3n bilateral para la reconstrucci\u00f3n en diversos sectores, y esperamos continuar nuestras relaciones bilaterales y fortalecer los lazos fraternales.<\/p>\n<p style=\"text-align: justify;\">El Canciller sirio agreg\u00f3 que reconstruir Siria implica garantizar los derechos de todos los sirios dentro y fuera del pa\u00eds y darles la oportunidad de recuperar sus tierras y sus derechos,<\/p>\n<p style=\"text-align: justify;\">Por su parte, el alto funcionario qatar\u00ed afirm\u00f3 que su pa\u00eds apoya incondicionalmente al pueblo sirio y la justa causa siria.<\/p>\n<p style=\"text-align: justify;\">\u201cApreciamos las decisiones positivas y distintivas y la transici\u00f3n a esta importante fase transitoria, y el pueblo sirio ha dado una maravillosa lecci\u00f3n de no rendirse y de exigir sus leg\u00edtimos derechos\u201d, a\u00f1adi\u00f3.<\/p>\n<p style=\"text-align: justify;\">Al-Khalifi continu\u00f3: Buscamos desarrollar relaciones y fortalecer nuestras asociaciones, y Qatar seguir\u00e1 apoyando a nuestros hermanos en Siria en todos los campos.<\/p>\n<p>sm<\/p>\n","protected":false},"excerpt":{"rendered":"<p>Damasco, 31 ene (SANA) El ministro de Asuntos Exteriores, Asaad Al-Shaibani, destac\u00f3 que el Estado de Qatar ha sido un aliado firme del pueblo sirio, y Siria seguir\u00e1 recordando apoyo de Qatar al pueblo sirio y sus causas. Al-Shaibani dijo durante una conferencia de prensa con el ministro de Estado de Asuntos Exteriores de Qatar, &hellip;<\/p>\n","protected":false},"author":39,"featured_media":346242,"comment_status":"closed","ping_status":"closed","sticky":false,"template":"","format":"standard","meta":{"footnotes":""},"categories":[597,20724,467,7541],"tags":[],"class_list":["post-346241","post","type-post","status-publish","format-standard","has-post-thumbnail","","category-cinta-de-noticias","category-minuto-a-minuto","category-siria-y-el-mundo","category-ultimas-noticias"],"_links":{"self":[{"href":"https:\/\/archive.sana.sy\/es\/index.php?rest_route=\/wp\/v2\/posts\/346241"}],"collection":[{"href":"https:\/\/archive.sana.sy\/es\/index.php?rest_route=\/wp\/v2\/posts"}],"about":[{"href":"https:\/\/archive.sana.sy\/es\/index.php?rest_route=\/wp\/v2\/types\/post"}],"author":[{"embeddable":true,"href":"https:\/\/archive.sana.sy\/es\/index.php?rest_route=\/wp\/v2\/users\/39"}],"replies":[{"embeddable":true,"href":"https:\/\/archive.sana.sy\/es\/index.php?rest_route=%2Fwp%2Fv2%2Fcomments&post=346241"}],"version-history":[{"count":3,"href":"https:\/\/archive.sana.sy\/es\/index.php?rest_route=\/wp\/v2\/posts\/346241\/revisions"}],"predecessor-version":[{"id":346622,"href":"https:\/\/archive.sana.sy\/es\/index.php?rest_route=\/wp\/v2\/posts\/346241\/revisions\/346622"}],"wp:featuredmedia":[{"embeddable":true,"href":"https:\/\/archive.sana.sy\/es\/index.php?rest_route=\/wp\/v2\/media\/346242"}],"wp:attachment":[{"href":"https:\/\/archive.sana.sy\/es\/index.php?rest_route=%2Fwp%2Fv2%2Fmedia&parent=346241"}],"wp:term":[{"taxonomy":"category","embeddable":true,"href":"https:\/\/archive.sana.sy\/es\/index.php?rest_route=%2Fwp%2Fv2%2Fcategories&post=346241"},{"taxonomy":"post_tag","embeddable":true,"href":"https:\/\/archive.sana.sy\/es\/index.php?rest_route=%2Fwp%2Fv2%2Ftags&post=346241"}],"curies":[{"name":"wp","href":"https:\/\/api.w.org\/{rel}","templated":true}]}}