{"id":346250,"date":"2025-01-31T12:03:32","date_gmt":"2025-01-31T09:03:32","guid":{"rendered":"https:\/\/sana.sy\/es\/?p=346250"},"modified":"2025-01-31T12:11:23","modified_gmt":"2025-01-31T09:11:23","slug":"por-primera-vez-tras-de-la-victoria-de-la-revolucion-y-la-caida-del-regimen-orquesta-sinfonica-siria-ofrece-concierto-para-los-martires-de-siria-y-su-gloria","status":"publish","type":"post","link":"https:\/\/archive.sana.sy\/es\/?p=346250","title":{"rendered":"Por primera vez tras de la victoria de la revoluci\u00f3n y la ca\u00edda del r\u00e9gimen, Orquesta Sinf\u00f3nica Siria ofrece concierto dedicado a los m\u00e1rtires de Siria y su gloria"},"content":{"rendered":"<p style=\"text-align: justify;\"><span style=\"color: #800000;\"><strong>Damasco, 31 ene (SANA)<\/strong><\/span> Por primera vez despu\u00e9s de la ca\u00edda del r\u00e9gimen y la victoria de la revoluci\u00f3n, la Orquesta Sinf\u00f3nica Nacional Siria present\u00f3 anoche en el teatro de la \u00d3pera un concierto especial bajo el t\u00edtulo \u201cPor los m\u00e1rtires y la gloria de Siria\u201d.<\/p>\n<p style=\"text-align: justify;\">El concierto fue como parte de una iniciativa voluntaria que tiene como objetivo enfatizar la unidad de Siria y su pueblo a trav\u00e9s de la m\u00fasica que es un lenguaje que trasciende fronteras y toca corazones.<\/p>\n<p style=\"text-align: justify;\">El concierto comenz\u00f3 con la pieza \u201cPor los m\u00e1rtires y por la gloria de Siria\u201d, que llevaba en sus melod\u00edas el esp\u00edritu de sacrificio, orgullo y respeto por los m\u00e1rtires cuya sangre fue el camino hacia la victoria de la revoluci\u00f3n.<\/p>\n<p style=\"text-align: justify;\">Luego, la banda interpret\u00f3 la pieza \u201cEl V\u00f3rtice\u201d del m\u00fasico Asem Makarem, que lleg\u00f3 como un sincero homenaje al pueblo sirio que fue sometido a la desaparici\u00f3n forzada, con una presentaci\u00f3n visual que encarn\u00f3 el sufrimiento de la ausencia forzada y la esperanza de regreso.<\/p>\n<p style=\"text-align: justify;\">Asimismo, la Orquesta present\u00f3 varias otras piezas en las que se expres\u00f3 la trayectoria del pueblo sirio desde el comienzo de la revoluci\u00f3n, pasando por el dolor de la matanza, el desplazamiento y la tortura, hasta llegar al destello de la victoria y la esperanza.<\/p>\n<p style=\"text-align: justify;\">Este concierto no se trata s\u00f3lo de tocar m\u00fasica, m\u00e1s bien, es un mensaje de esperanza y solidaridad, y es un paso hacia la construcci\u00f3n de un futuro digno de Siria y su pueblo.<\/p>\n<div id='gallery-1' class='gallery galleryid-346250 gallery-columns-1 gallery-size-full'><figure class='gallery-item'>\n\t\t\t<div class='gallery-icon landscape'>\n\t\t\t\t<a href='https:\/\/archive.sana.sy\/es\/?attachment_id=346252'><img loading=\"lazy\" decoding=\"async\" width=\"660\" height=\"369\" src=\"https:\/\/archive.sana.sy\/es\/wp-content\/uploads\/2025\/01\/orquesta1.jpg\" class=\"attachment-full size-full\" alt=\"\" srcset=\"https:\/\/archive.sana.sy\/es\/wp-content\/uploads\/2025\/01\/orquesta1.jpg 660w, https:\/\/archive.sana.sy\/es\/wp-content\/uploads\/2025\/01\/orquesta1-300x168.jpg 300w, https:\/\/archive.sana.sy\/es\/wp-content\/uploads\/2025\/01\/orquesta1-150x84.jpg 150w\" sizes=\"(max-width: 660px) 100vw, 660px\" \/><\/a>\n\t\t\t<\/div><\/figure><figure class='gallery-item'>\n\t\t\t<div class='gallery-icon landscape'>\n\t\t\t\t<a href='https:\/\/archive.sana.sy\/es\/?attachment_id=346253'><img loading=\"lazy\" decoding=\"async\" width=\"660\" height=\"380\" src=\"https:\/\/archive.sana.sy\/es\/wp-content\/uploads\/2025\/01\/orquesta-2.jpg\" class=\"attachment-full size-full\" alt=\"\" srcset=\"https:\/\/archive.sana.sy\/es\/wp-content\/uploads\/2025\/01\/orquesta-2.jpg 660w, https:\/\/archive.sana.sy\/es\/wp-content\/uploads\/2025\/01\/orquesta-2-300x173.jpg 300w, https:\/\/archive.sana.sy\/es\/wp-content\/uploads\/2025\/01\/orquesta-2-150x86.jpg 150w\" sizes=\"(max-width: 660px) 100vw, 660px\" \/><\/a>\n\t\t\t<\/div><\/figure><figure class='gallery-item'>\n\t\t\t<div class='gallery-icon landscape'>\n\t\t\t\t<a href='https:\/\/archive.sana.sy\/es\/?attachment_id=346254'><img loading=\"lazy\" decoding=\"async\" width=\"660\" height=\"425\" src=\"https:\/\/archive.sana.sy\/es\/wp-content\/uploads\/2025\/01\/Orquesta-3.jpg\" class=\"attachment-full size-full\" alt=\"\" srcset=\"https:\/\/archive.sana.sy\/es\/wp-content\/uploads\/2025\/01\/Orquesta-3.jpg 660w, https:\/\/archive.sana.sy\/es\/wp-content\/uploads\/2025\/01\/Orquesta-3-300x193.jpg 300w, https:\/\/archive.sana.sy\/es\/wp-content\/uploads\/2025\/01\/Orquesta-3-150x97.jpg 150w\" sizes=\"(max-width: 660px) 100vw, 660px\" \/><\/a>\n\t\t\t<\/div><\/figure>\n\t\t<\/div>\n\n<p style=\"text-align: justify;\">\n","protected":false},"excerpt":{"rendered":"<p>Damasco, 31 ene (SANA) Por primera vez despu\u00e9s de la ca\u00edda del r\u00e9gimen y la victoria de la revoluci\u00f3n, la Orquesta Sinf\u00f3nica Nacional Siria present\u00f3 anoche en el teatro de la \u00d3pera un concierto especial bajo el t\u00edtulo \u201cPor los m\u00e1rtires y la gloria de Siria\u201d. El concierto fue como parte de una iniciativa voluntaria &hellip;<\/p>\n","protected":false},"author":39,"featured_media":346251,"comment_status":"closed","ping_status":"closed","sticky":false,"template":"","format":"standard","meta":{"footnotes":""},"categories":[597,510,476],"tags":[],"class_list":["post-346250","post","type-post","status-publish","format-standard","has-post-thumbnail","","category-cinta-de-noticias","category-arte-y-cultura","category-locales"],"_links":{"self":[{"href":"https:\/\/archive.sana.sy\/es\/index.php?rest_route=\/wp\/v2\/posts\/346250"}],"collection":[{"href":"https:\/\/archive.sana.sy\/es\/index.php?rest_route=\/wp\/v2\/posts"}],"about":[{"href":"https:\/\/archive.sana.sy\/es\/index.php?rest_route=\/wp\/v2\/types\/post"}],"author":[{"embeddable":true,"href":"https:\/\/archive.sana.sy\/es\/index.php?rest_route=\/wp\/v2\/users\/39"}],"replies":[{"embeddable":true,"href":"https:\/\/archive.sana.sy\/es\/index.php?rest_route=%2Fwp%2Fv2%2Fcomments&post=346250"}],"version-history":[{"count":6,"href":"https:\/\/archive.sana.sy\/es\/index.php?rest_route=\/wp\/v2\/posts\/346250\/revisions"}],"predecessor-version":[{"id":346260,"href":"https:\/\/archive.sana.sy\/es\/index.php?rest_route=\/wp\/v2\/posts\/346250\/revisions\/346260"}],"wp:featuredmedia":[{"embeddable":true,"href":"https:\/\/archive.sana.sy\/es\/index.php?rest_route=\/wp\/v2\/media\/346251"}],"wp:attachment":[{"href":"https:\/\/archive.sana.sy\/es\/index.php?rest_route=%2Fwp%2Fv2%2Fmedia&parent=346250"}],"wp:term":[{"taxonomy":"category","embeddable":true,"href":"https:\/\/archive.sana.sy\/es\/index.php?rest_route=%2Fwp%2Fv2%2Fcategories&post=346250"},{"taxonomy":"post_tag","embeddable":true,"href":"https:\/\/archive.sana.sy\/es\/index.php?rest_route=%2Fwp%2Fv2%2Ftags&post=346250"}],"curies":[{"name":"wp","href":"https:\/\/api.w.org\/{rel}","templated":true}]}}