{"id":346274,"date":"2025-01-31T17:00:31","date_gmt":"2025-01-31T14:00:31","guid":{"rendered":"https:\/\/sana.sy\/es\/?p=346274"},"modified":"2025-01-31T17:00:31","modified_gmt":"2025-01-31T14:00:31","slug":"la-union-europea-acoge-con-satisfaccion-el-discurso-del-presidente-al-sharaa","status":"publish","type":"post","link":"https:\/\/archive.sana.sy\/es\/?p=346274","title":{"rendered":"La Uni\u00f3n Europea acoge con satisfacci\u00f3n el discurso del presidente Al-Sharaa"},"content":{"rendered":"<p style=\"text-align: justify;\"><span style=\"color: #800000;\"><strong>Bruselas, 31 ene (SANA)<\/strong><\/span> La Uni\u00f3n Europea acogi\u00f3 con satisfacci\u00f3n las orientaciones del presidente de la Rep\u00fablica \u00c1rabe Siria, Ahmad al-Sharaa, en la pr\u00f3xima etapa, y las subray\u00f3 que responden a las aspiraciones del pueblo sirio.<\/p>\n<p style=\"text-align: justify;\">\u00a0\u201cLas palabras de Al-Sharaa sobre las etapas de la transici\u00f3n pol\u00edtica son importantes y sirven a las aspiraciones del pueblo sirio\u201d,\u00a0 dijo el portavoz de la UE para Oriente Medio y el Norte de \u00c1frica, Luis Bueno, en una declaraci\u00f3n al canal Al Arabiya Al Hadath.<\/p>\n<p style=\"text-align: justify;\">Se\u00f1al\u00f3 que la referida alianza acoge con satisfacci\u00f3n esta declaraci\u00f3n.<\/p>\n<p style=\"text-align: justify;\">Asimismo, el funcionario europeo indic\u00f3 que una delegaci\u00f3n diplom\u00e1tica europea analiz\u00f3 con el ministro de Asuntos Exteriores sirio, Asaad al-Sheibani, en Damasco la transici\u00f3n pol\u00edtica, la seguridad y el levantamiento de las sanciones, y se\u00f1al\u00f3 que la Uni\u00f3n Europea est\u00e1 trabajando para reforzar su presencia en Damasco.<\/p>\n<p style=\"text-align: justify;\">En v\u00edsperas, el residente Ahmad al-Sharaa se dirigi\u00f3 al pueblo sirio en un discurso en el que destac\u00f3 que la fase de transici\u00f3n es parte de un proceso pol\u00edtico que requiere la participaci\u00f3n real de todos los sirios en el pa\u00eds y en el extranjero para construir su futuro con libertad y dignidad sin exclusi\u00f3n ni marginaci\u00f3n.<\/p>\n<p style=\"text-align: justify;\">ahs\/sm<\/p>\n","protected":false},"excerpt":{"rendered":"<p>Bruselas, 31 ene (SANA) La Uni\u00f3n Europea acogi\u00f3 con satisfacci\u00f3n las orientaciones del presidente de la Rep\u00fablica \u00c1rabe Siria, Ahmad al-Sharaa, en la pr\u00f3xima etapa, y las subray\u00f3 que responden a las aspiraciones del pueblo sirio. \u00a0\u201cLas palabras de Al-Sharaa sobre las etapas de la transici\u00f3n pol\u00edtica son importantes y sirven a las aspiraciones del &hellip;<\/p>\n","protected":false},"author":43,"featured_media":346275,"comment_status":"closed","ping_status":"closed","sticky":false,"template":"","format":"standard","meta":{"footnotes":""},"categories":[597,456,20724,467,7541],"tags":[],"class_list":["post-346274","post","type-post","status-publish","format-standard","has-post-thumbnail","","category-cinta-de-noticias","category-arabe-internacional-politica","category-minuto-a-minuto","category-siria-y-el-mundo","category-ultimas-noticias"],"_links":{"self":[{"href":"https:\/\/archive.sana.sy\/es\/index.php?rest_route=\/wp\/v2\/posts\/346274"}],"collection":[{"href":"https:\/\/archive.sana.sy\/es\/index.php?rest_route=\/wp\/v2\/posts"}],"about":[{"href":"https:\/\/archive.sana.sy\/es\/index.php?rest_route=\/wp\/v2\/types\/post"}],"author":[{"embeddable":true,"href":"https:\/\/archive.sana.sy\/es\/index.php?rest_route=\/wp\/v2\/users\/43"}],"replies":[{"embeddable":true,"href":"https:\/\/archive.sana.sy\/es\/index.php?rest_route=%2Fwp%2Fv2%2Fcomments&post=346274"}],"version-history":[{"count":1,"href":"https:\/\/archive.sana.sy\/es\/index.php?rest_route=\/wp\/v2\/posts\/346274\/revisions"}],"predecessor-version":[{"id":346276,"href":"https:\/\/archive.sana.sy\/es\/index.php?rest_route=\/wp\/v2\/posts\/346274\/revisions\/346276"}],"wp:featuredmedia":[{"embeddable":true,"href":"https:\/\/archive.sana.sy\/es\/index.php?rest_route=\/wp\/v2\/media\/346275"}],"wp:attachment":[{"href":"https:\/\/archive.sana.sy\/es\/index.php?rest_route=%2Fwp%2Fv2%2Fmedia&parent=346274"}],"wp:term":[{"taxonomy":"category","embeddable":true,"href":"https:\/\/archive.sana.sy\/es\/index.php?rest_route=%2Fwp%2Fv2%2Fcategories&post=346274"},{"taxonomy":"post_tag","embeddable":true,"href":"https:\/\/archive.sana.sy\/es\/index.php?rest_route=%2Fwp%2Fv2%2Ftags&post=346274"}],"curies":[{"name":"wp","href":"https:\/\/api.w.org\/{rel}","templated":true}]}}