{"id":346277,"date":"2025-01-31T17:06:39","date_gmt":"2025-01-31T14:06:39","guid":{"rendered":"https:\/\/sana.sy\/es\/?p=346277"},"modified":"2025-02-06T17:24:54","modified_gmt":"2025-02-06T14:24:54","slug":"presidente-al-sharaa-recibe-felicitaciones-de-reyes-y-jefes-de-estados-por-su-asuncion-de-la-presidencia-de-siria","status":"publish","type":"post","link":"https:\/\/archive.sana.sy\/es\/?p=346277","title":{"rendered":"Presidente Al-Sharaa recibe felicitaciones de reyes y jefes de Estados por su asunci\u00f3n de la presidencia de Siria"},"content":{"rendered":"<p style=\"text-align: justify;\"><span style=\"color: #800000;\"><strong>Damasco, 31 ene (SANA)<\/strong><\/span> El presidente Ahmed Al-Sharaa recibi\u00f3 telegramas de felicitaci\u00f3n de varios reyes y l\u00edderes \u00e1rabes con motivo de su asunci\u00f3n de la presidencia en Siria durante la fase de transici\u00f3n.<\/p>\n<p style=\"text-align: justify;\">Al-Sharaa recibi\u00f3 felicitaciones de:<\/p>\n<p style=\"text-align: justify;\">El Rey Salman bin Abdulaziz Al Saud, y el pr\u00edncipe heredero y primer ministro Mohammed bin Salman bin Abdulaziz Al Saud.<\/p>\n<p style=\"text-align: justify;\">El presidente de Emiratos \u00c1rabes Unidos, Mohammed bin Zayed Al Nahyan.<\/p>\n<p style=\"text-align: justify;\">Su Majestad el Rey Abdullah II, del Reino Hachemita de Jordania.<\/p>\n<p style=\"text-align: justify;\">Su Majestad Haitham bin Tariq, Sult\u00e1n del Sultanato de Om\u00e1n.<\/p>\n<p style=\"text-align: justify;\">El emir del Estado de Kuwait, Mishal Al-Ahmad Al-Jaber Al-Sabah.<\/p>\n<p style=\"text-align: justify;\">El Rey de Bahr\u00e9in, Hamad bin Isa Al Khalifa.<\/p>\n<p style=\"text-align: justify;\">Presidente del Consejo de Liderazgo Presidencial de Yemen, Rashad Mohammed Al-Alimi.<\/p>\n<p style=\"text-align: justify;\">Los l\u00edderes \u00e1rabes afirmaron su apoyo a Siria y a su pueblo en esta nueva fase, dese\u00e1ndole progreso y estabilidad.<\/p>\n<p>sm<\/p>\n","protected":false},"excerpt":{"rendered":"<p>Damasco, 31 ene (SANA) El presidente Ahmed Al-Sharaa recibi\u00f3 telegramas de felicitaci\u00f3n de varios reyes y l\u00edderes \u00e1rabes con motivo de su asunci\u00f3n de la presidencia en Siria durante la fase de transici\u00f3n. Al-Sharaa recibi\u00f3 felicitaciones de: El Rey Salman bin Abdulaziz Al Saud, y el pr\u00edncipe heredero y primer ministro Mohammed bin Salman bin &hellip;<\/p>\n","protected":false},"author":39,"featured_media":346278,"comment_status":"closed","ping_status":"closed","sticky":false,"template":"","format":"standard","meta":{"footnotes":""},"categories":[477,597,476,467,7541],"tags":[],"class_list":["post-346277","post","type-post","status-publish","format-standard","has-post-thumbnail","","category-noticias-edulcorantes","category-cinta-de-noticias","category-locales","category-siria-y-el-mundo","category-ultimas-noticias"],"_links":{"self":[{"href":"https:\/\/archive.sana.sy\/es\/index.php?rest_route=\/wp\/v2\/posts\/346277"}],"collection":[{"href":"https:\/\/archive.sana.sy\/es\/index.php?rest_route=\/wp\/v2\/posts"}],"about":[{"href":"https:\/\/archive.sana.sy\/es\/index.php?rest_route=\/wp\/v2\/types\/post"}],"author":[{"embeddable":true,"href":"https:\/\/archive.sana.sy\/es\/index.php?rest_route=\/wp\/v2\/users\/39"}],"replies":[{"embeddable":true,"href":"https:\/\/archive.sana.sy\/es\/index.php?rest_route=%2Fwp%2Fv2%2Fcomments&post=346277"}],"version-history":[{"count":2,"href":"https:\/\/archive.sana.sy\/es\/index.php?rest_route=\/wp\/v2\/posts\/346277\/revisions"}],"predecessor-version":[{"id":346621,"href":"https:\/\/archive.sana.sy\/es\/index.php?rest_route=\/wp\/v2\/posts\/346277\/revisions\/346621"}],"wp:featuredmedia":[{"embeddable":true,"href":"https:\/\/archive.sana.sy\/es\/index.php?rest_route=\/wp\/v2\/media\/346278"}],"wp:attachment":[{"href":"https:\/\/archive.sana.sy\/es\/index.php?rest_route=%2Fwp%2Fv2%2Fmedia&parent=346277"}],"wp:term":[{"taxonomy":"category","embeddable":true,"href":"https:\/\/archive.sana.sy\/es\/index.php?rest_route=%2Fwp%2Fv2%2Fcategories&post=346277"},{"taxonomy":"post_tag","embeddable":true,"href":"https:\/\/archive.sana.sy\/es\/index.php?rest_route=%2Fwp%2Fv2%2Ftags&post=346277"}],"curies":[{"name":"wp","href":"https:\/\/api.w.org\/{rel}","templated":true}]}}