{"id":346281,"date":"2025-02-01T10:27:40","date_gmt":"2025-02-01T07:27:40","guid":{"rendered":"https:\/\/sana.sy\/es\/?p=346281"},"modified":"2025-02-01T10:27:40","modified_gmt":"2025-02-01T07:27:40","slug":"presidente-de-egipto-felicita-a-ahmed-al-sharaa-por-su-asuncion-a-presidencia-siria","status":"publish","type":"post","link":"https:\/\/archive.sana.sy\/es\/?p=346281","title":{"rendered":"Presidente de Egipto felicita a Ahmed Al-Sharaa por su asunci\u00f3n a presidencia siria"},"content":{"rendered":"<p style=\"text-align: justify;\"><span style=\"color: #800000;\">\u00a0Damasco, 1 feb (SANA)<\/span>\u00a0 El presidente de la Rep\u00fablica \u00c1rabe de Egipto, Abdel Fattah El-Sisi, felicit\u00f3 a su hom\u00f3logo sirio Ahmed Al-Sharaa, por la asunci\u00f3n de este \u00faltimo a la Presidencia de la Rep\u00fablica.<\/p>\n<p style=\"text-align: justify;\">El-Sisi expres\u00f3 sus deseos de \u00e9xito a Al-Sharaa en su misi\u00f3n por hacer realidad las aspiraciones de la Rep\u00fablica, y dese\u00f3 al pueblo sirio mayor progreso y bienestar.<\/p>\n<p style=\"text-align: justify;\">fm\/ed<\/p>\n","protected":false},"excerpt":{"rendered":"<p>\u00a0Damasco, 1 feb (SANA)\u00a0 El presidente de la Rep\u00fablica \u00c1rabe de Egipto, Abdel Fattah El-Sisi, felicit\u00f3 a su hom\u00f3logo sirio Ahmed Al-Sharaa, por la asunci\u00f3n de este \u00faltimo a la Presidencia de la Rep\u00fablica. El-Sisi expres\u00f3 sus deseos de \u00e9xito a Al-Sharaa en su misi\u00f3n por hacer realidad las aspiraciones de la Rep\u00fablica, y dese\u00f3 &hellip;<\/p>\n","protected":false},"author":32,"featured_media":346282,"comment_status":"closed","ping_status":"closed","sticky":false,"template":"","format":"standard","meta":{"footnotes":""},"categories":[597,20724,467,583],"tags":[],"class_list":["post-346281","post","type-post","status-publish","format-standard","has-post-thumbnail","","category-cinta-de-noticias","category-minuto-a-minuto","category-siria-y-el-mundo","category-slide"],"_links":{"self":[{"href":"https:\/\/archive.sana.sy\/es\/index.php?rest_route=\/wp\/v2\/posts\/346281"}],"collection":[{"href":"https:\/\/archive.sana.sy\/es\/index.php?rest_route=\/wp\/v2\/posts"}],"about":[{"href":"https:\/\/archive.sana.sy\/es\/index.php?rest_route=\/wp\/v2\/types\/post"}],"author":[{"embeddable":true,"href":"https:\/\/archive.sana.sy\/es\/index.php?rest_route=\/wp\/v2\/users\/32"}],"replies":[{"embeddable":true,"href":"https:\/\/archive.sana.sy\/es\/index.php?rest_route=%2Fwp%2Fv2%2Fcomments&post=346281"}],"version-history":[{"count":1,"href":"https:\/\/archive.sana.sy\/es\/index.php?rest_route=\/wp\/v2\/posts\/346281\/revisions"}],"predecessor-version":[{"id":346283,"href":"https:\/\/archive.sana.sy\/es\/index.php?rest_route=\/wp\/v2\/posts\/346281\/revisions\/346283"}],"wp:featuredmedia":[{"embeddable":true,"href":"https:\/\/archive.sana.sy\/es\/index.php?rest_route=\/wp\/v2\/media\/346282"}],"wp:attachment":[{"href":"https:\/\/archive.sana.sy\/es\/index.php?rest_route=%2Fwp%2Fv2%2Fmedia&parent=346281"}],"wp:term":[{"taxonomy":"category","embeddable":true,"href":"https:\/\/archive.sana.sy\/es\/index.php?rest_route=%2Fwp%2Fv2%2Fcategories&post=346281"},{"taxonomy":"post_tag","embeddable":true,"href":"https:\/\/archive.sana.sy\/es\/index.php?rest_route=%2Fwp%2Fv2%2Ftags&post=346281"}],"curies":[{"name":"wp","href":"https:\/\/api.w.org\/{rel}","templated":true}]}}