{"id":346314,"date":"2025-02-01T19:34:13","date_gmt":"2025-02-01T16:34:13","guid":{"rendered":"https:\/\/sana.sy\/es\/?p=346314"},"modified":"2025-02-01T19:47:31","modified_gmt":"2025-02-01T16:47:31","slug":"cceag-felicita-a-al-sharaa-por-asumir-la-presidencia-de-siria","status":"publish","type":"post","link":"https:\/\/archive.sana.sy\/es\/?p=346314","title":{"rendered":"CCEAG felicita a Al-Sharaa por asumir la presidencia de Siria"},"content":{"rendered":"<p style=\"text-align: justify;\"><span style=\"color: #800000;\"><strong>Riad, 02 feb (SANA)<\/strong><\/span>\u00a0 \u00a0El Secretario General del Consejo de Cooperaci\u00f3n para los Estados \u00c1rabes del Golfo (CCEAG), Jasem Mohammed Al-Budaiwi, felicit\u00f3 hoy al Presidente Ahmed Al-Sharaa por asumir la presidencia de la Rep\u00fablica \u00c1rabe Siria en la fase de transici\u00f3n.<\/p>\n<p style=\"text-align: justify;\">En un mensaje publicado hoy por el sitio web de la Secretar\u00eda General del Consejo, Al-Budaiwi expres\u00f3 sus sinceros deseos y su esperanza en que el liderazgo de Al-Sharaa contribuya a alcanzar la seguridad, la estabilidad y la prosperidad para el pueblo sirio.<\/p>\n<p style=\"text-align: justify;\">El secretario General reiter\u00f3 el firme apoyo del CCEAG al pueblo sirio durante esta fase para lograr la unidad, la soberan\u00eda y la independencia de Siria.<\/p>\n","protected":false},"excerpt":{"rendered":"<p>Riad, 02 feb (SANA)\u00a0 \u00a0El Secretario General del Consejo de Cooperaci\u00f3n para los Estados \u00c1rabes del Golfo (CCEAG), Jasem Mohammed Al-Budaiwi, felicit\u00f3 hoy al Presidente Ahmed Al-Sharaa por asumir la presidencia de la Rep\u00fablica \u00c1rabe Siria en la fase de transici\u00f3n. En un mensaje publicado hoy por el sitio web de la Secretar\u00eda General del &hellip;<\/p>\n","protected":false},"author":31,"featured_media":346315,"comment_status":"closed","ping_status":"closed","sticky":false,"template":"","format":"standard","meta":{"footnotes":""},"categories":[597,467,583],"tags":[],"class_list":["post-346314","post","type-post","status-publish","format-standard","has-post-thumbnail","","category-cinta-de-noticias","category-siria-y-el-mundo","category-slide"],"_links":{"self":[{"href":"https:\/\/archive.sana.sy\/es\/index.php?rest_route=\/wp\/v2\/posts\/346314"}],"collection":[{"href":"https:\/\/archive.sana.sy\/es\/index.php?rest_route=\/wp\/v2\/posts"}],"about":[{"href":"https:\/\/archive.sana.sy\/es\/index.php?rest_route=\/wp\/v2\/types\/post"}],"author":[{"embeddable":true,"href":"https:\/\/archive.sana.sy\/es\/index.php?rest_route=\/wp\/v2\/users\/31"}],"replies":[{"embeddable":true,"href":"https:\/\/archive.sana.sy\/es\/index.php?rest_route=%2Fwp%2Fv2%2Fcomments&post=346314"}],"version-history":[{"count":5,"href":"https:\/\/archive.sana.sy\/es\/index.php?rest_route=\/wp\/v2\/posts\/346314\/revisions"}],"predecessor-version":[{"id":346320,"href":"https:\/\/archive.sana.sy\/es\/index.php?rest_route=\/wp\/v2\/posts\/346314\/revisions\/346320"}],"wp:featuredmedia":[{"embeddable":true,"href":"https:\/\/archive.sana.sy\/es\/index.php?rest_route=\/wp\/v2\/media\/346315"}],"wp:attachment":[{"href":"https:\/\/archive.sana.sy\/es\/index.php?rest_route=%2Fwp%2Fv2%2Fmedia&parent=346314"}],"wp:term":[{"taxonomy":"category","embeddable":true,"href":"https:\/\/archive.sana.sy\/es\/index.php?rest_route=%2Fwp%2Fv2%2Fcategories&post=346314"},{"taxonomy":"post_tag","embeddable":true,"href":"https:\/\/archive.sana.sy\/es\/index.php?rest_route=%2Fwp%2Fv2%2Ftags&post=346314"}],"curies":[{"name":"wp","href":"https:\/\/api.w.org\/{rel}","templated":true}]}}