{"id":346325,"date":"2025-02-02T10:19:27","date_gmt":"2025-02-02T07:19:27","guid":{"rendered":"https:\/\/sana.sy\/es\/?p=346325"},"modified":"2025-02-02T10:19:27","modified_gmt":"2025-02-02T07:19:27","slug":"los-tres-patriarcas-sirios-felicitan-a-al-sharaa-por-asumir-la-presidencia-de-siria","status":"publish","type":"post","link":"https:\/\/archive.sana.sy\/es\/?p=346325","title":{"rendered":"Los tres patriarcas sirios felicitan a Al-Sharaa por asumir la presidencia de Siria"},"content":{"rendered":"<p style=\"text-align: justify;\"><span style=\"color: #800000;\"><strong>Damasco, 2 feb (SANA)\u00a0<\/strong> <\/span>Los patriarcas Juan X, de Antioqu\u00eda y todo el Oriente para los Ortodoxos Griegos; Ignacio Aphrem II, de Antioqu\u00eda y todo el Oriente para los Sir\u00edacos Ortodoxos; y Youssef Absi, el patriarca de Antioqu\u00eda y todo Oriente para Cat\u00f3licos Greco-Melquitas, enviaron un mensaje de felicitaci\u00f3n conjunto al presidente Ahmed Al-Sharaa, con motivo de su asunci\u00f3n de la presidencia de la Rep\u00fablica \u00c1rabe Siria.<\/p>\n<p>Le felicitamos por la victoria y por esta nueva misi\u00f3n, y pedimos a Dios que le d\u00e9 la fuerza y la sabidur\u00eda para liderar esta fase cr\u00edtica de transici\u00f3n para el bien del pa\u00eds y su gente, dijeron los patriarcas.<\/p>\n<p>Agregaron que el pueblo sirio, con todas sus afiliaciones religiosas, ha sufrido mucho, pero hoy estamos en el umbral de una nueva historia cuya esencia b\u00e1sica es la seguridad, la libertad y la dignidad de cada ciudadano sirio.<\/p>\n<p><strong><span style=\"color: #800000;\">ws\/fm<\/span><\/strong><\/p>\n","protected":false},"excerpt":{"rendered":"<p>Damasco, 2 feb (SANA)\u00a0 Los patriarcas Juan X, de Antioqu\u00eda y todo el Oriente para los Ortodoxos Griegos; Ignacio Aphrem II, de Antioqu\u00eda y todo el Oriente para los Sir\u00edacos Ortodoxos; y Youssef Absi, el patriarca de Antioqu\u00eda y todo Oriente para Cat\u00f3licos Greco-Melquitas, enviaron un mensaje de felicitaci\u00f3n conjunto al presidente Ahmed Al-Sharaa, con &hellip;<\/p>\n","protected":false},"author":35,"featured_media":346326,"comment_status":"closed","ping_status":"closed","sticky":false,"template":"","format":"standard","meta":{"footnotes":""},"categories":[597,20724,476,7541],"tags":[],"class_list":["post-346325","post","type-post","status-publish","format-standard","has-post-thumbnail","","category-cinta-de-noticias","category-minuto-a-minuto","category-locales","category-ultimas-noticias"],"_links":{"self":[{"href":"https:\/\/archive.sana.sy\/es\/index.php?rest_route=\/wp\/v2\/posts\/346325"}],"collection":[{"href":"https:\/\/archive.sana.sy\/es\/index.php?rest_route=\/wp\/v2\/posts"}],"about":[{"href":"https:\/\/archive.sana.sy\/es\/index.php?rest_route=\/wp\/v2\/types\/post"}],"author":[{"embeddable":true,"href":"https:\/\/archive.sana.sy\/es\/index.php?rest_route=\/wp\/v2\/users\/35"}],"replies":[{"embeddable":true,"href":"https:\/\/archive.sana.sy\/es\/index.php?rest_route=%2Fwp%2Fv2%2Fcomments&post=346325"}],"version-history":[{"count":1,"href":"https:\/\/archive.sana.sy\/es\/index.php?rest_route=\/wp\/v2\/posts\/346325\/revisions"}],"predecessor-version":[{"id":346327,"href":"https:\/\/archive.sana.sy\/es\/index.php?rest_route=\/wp\/v2\/posts\/346325\/revisions\/346327"}],"wp:featuredmedia":[{"embeddable":true,"href":"https:\/\/archive.sana.sy\/es\/index.php?rest_route=\/wp\/v2\/media\/346326"}],"wp:attachment":[{"href":"https:\/\/archive.sana.sy\/es\/index.php?rest_route=%2Fwp%2Fv2%2Fmedia&parent=346325"}],"wp:term":[{"taxonomy":"category","embeddable":true,"href":"https:\/\/archive.sana.sy\/es\/index.php?rest_route=%2Fwp%2Fv2%2Fcategories&post=346325"},{"taxonomy":"post_tag","embeddable":true,"href":"https:\/\/archive.sana.sy\/es\/index.php?rest_route=%2Fwp%2Fv2%2Ftags&post=346325"}],"curies":[{"name":"wp","href":"https:\/\/api.w.org\/{rel}","templated":true}]}}