{"id":346328,"date":"2025-02-02T15:40:56","date_gmt":"2025-02-02T12:40:56","guid":{"rendered":"https:\/\/sana.sy\/es\/?p=346328"},"modified":"2025-02-02T19:09:56","modified_gmt":"2025-02-02T16:09:56","slug":"presidente-somali-felicita-a-al-shara-por-asumir-la-presidencia-de-la-republica-arabe-siria","status":"publish","type":"post","link":"https:\/\/archive.sana.sy\/es\/?p=346328","title":{"rendered":"Presidente somal\u00ed felicita a Al-Shara por asumir la presidencia de la Rep\u00fablica \u00c1rabe Siria"},"content":{"rendered":"<p style=\"text-align: justify;\"><span style=\"color: #800000;\"><strong>Mogadiscio, 2 feb (SANA)<\/strong><\/span>\u00a0 \u00a0El presidente somal\u00ed, Hassan Sheikh Mohamud, felicit\u00f3 al presidente Ahmed al-Shara por asumir la presidencia de la Rep\u00fablica \u00c1rabe Siria en la fase de transici\u00f3n.<\/p>\n<p style=\"text-align: justify;\">La Agencia de Noticias Somal\u00ed (SUNA) inform\u00f3 que el Presidente Mahmoud expres\u00f3 en un mensaje sus \u201csinceros deseos de \u00e9xito en el liderazgo de Siria en esta importante fase, y en el logro de las esperanzas y aspiraciones del pueblo sirio en lograr reformas integrales de desarrollo y estabilidad.<\/p>\n<p style=\"text-align: justify;\"><strong><span style=\"color: #800000;\">fm\/ws<\/span><\/strong><\/p>\n","protected":false},"excerpt":{"rendered":"<p>Mogadiscio, 2 feb (SANA)\u00a0 \u00a0El presidente somal\u00ed, Hassan Sheikh Mohamud, felicit\u00f3 al presidente Ahmed al-Shara por asumir la presidencia de la Rep\u00fablica \u00c1rabe Siria en la fase de transici\u00f3n. La Agencia de Noticias Somal\u00ed (SUNA) inform\u00f3 que el Presidente Mahmoud expres\u00f3 en un mensaje sus \u201csinceros deseos de \u00e9xito en el liderazgo de Siria en &hellip;<\/p>\n","protected":false},"author":35,"featured_media":346329,"comment_status":"closed","ping_status":"closed","sticky":false,"template":"","format":"standard","meta":{"footnotes":""},"categories":[477,447,597,20724,467,583],"tags":[],"class_list":["post-346328","post","type-post","status-publish","format-standard","has-post-thumbnail","","category-noticias-edulcorantes","category-local-politica","category-cinta-de-noticias","category-minuto-a-minuto","category-siria-y-el-mundo","category-slide"],"_links":{"self":[{"href":"https:\/\/archive.sana.sy\/es\/index.php?rest_route=\/wp\/v2\/posts\/346328"}],"collection":[{"href":"https:\/\/archive.sana.sy\/es\/index.php?rest_route=\/wp\/v2\/posts"}],"about":[{"href":"https:\/\/archive.sana.sy\/es\/index.php?rest_route=\/wp\/v2\/types\/post"}],"author":[{"embeddable":true,"href":"https:\/\/archive.sana.sy\/es\/index.php?rest_route=\/wp\/v2\/users\/35"}],"replies":[{"embeddable":true,"href":"https:\/\/archive.sana.sy\/es\/index.php?rest_route=%2Fwp%2Fv2%2Fcomments&post=346328"}],"version-history":[{"count":2,"href":"https:\/\/archive.sana.sy\/es\/index.php?rest_route=\/wp\/v2\/posts\/346328\/revisions"}],"predecessor-version":[{"id":346331,"href":"https:\/\/archive.sana.sy\/es\/index.php?rest_route=\/wp\/v2\/posts\/346328\/revisions\/346331"}],"wp:featuredmedia":[{"embeddable":true,"href":"https:\/\/archive.sana.sy\/es\/index.php?rest_route=\/wp\/v2\/media\/346329"}],"wp:attachment":[{"href":"https:\/\/archive.sana.sy\/es\/index.php?rest_route=%2Fwp%2Fv2%2Fmedia&parent=346328"}],"wp:term":[{"taxonomy":"category","embeddable":true,"href":"https:\/\/archive.sana.sy\/es\/index.php?rest_route=%2Fwp%2Fv2%2Fcategories&post=346328"},{"taxonomy":"post_tag","embeddable":true,"href":"https:\/\/archive.sana.sy\/es\/index.php?rest_route=%2Fwp%2Fv2%2Ftags&post=346328"}],"curies":[{"name":"wp","href":"https:\/\/api.w.org\/{rel}","templated":true}]}}