{"id":346332,"date":"2025-02-02T10:32:18","date_gmt":"2025-02-02T07:32:18","guid":{"rendered":"https:\/\/sana.sy\/es\/?p=346332"},"modified":"2025-02-02T10:32:18","modified_gmt":"2025-02-02T07:32:18","slug":"inicia-el-segundo-semestre-del-curso-escolar-2024-2025","status":"publish","type":"post","link":"https:\/\/archive.sana.sy\/es\/?p=346332","title":{"rendered":"Inicia el segundo semestre del curso escolar 2024-2025"},"content":{"rendered":"<p style=\"text-align: justify;\"><span style=\"color: #800000;\"><strong>Damasco, 2 feb (SANA)\u00a0<\/strong><\/span> \u00a0M\u00e1s de 3 millones 500 mil estudiantes se dirigieron hoy a sus escuelas e iniciaron el segundo semestre del a\u00f1o acad\u00e9mico 2024-2025.<\/p>\n<p>Aproximadamente 11 mil escuelas recibieron a los menores en las diferentes provincias del pa\u00eds.<\/p>\n<p>En una declaraci\u00f3n a SANA, el ministro de Educaci\u00f3n, Nazir Al-Qadri afirm\u00f3 que los departamentos de educaci\u00f3n en las gobernaciones han completado todos los preparativos necesarios para recibir a los estudiantes y al personal administrativo y docente.<\/p>\n<p>Destac\u00f3 el papel de la escuela y de los cuadros educativos y administrativos en la formaci\u00f3n de las generaciones y el mejoramiento de sus conocimientos y habilidades.<\/p>\n<p>La educaci\u00f3n es un pilar fundamental en la construcci\u00f3n y el avance de la sociedad, y las tareas de la educaci\u00f3n no se limitan a ayudar al estudiante a obtener informaci\u00f3n, sino que incluyen fortalecer sus principios y valores y corregir su comportamiento, asegur\u00f3 el Titular.<\/p>\n<p><span style=\"color: #800000;\"><strong>fm\/ws<\/strong><\/span><\/p>\n","protected":false},"excerpt":{"rendered":"<p>Damasco, 2 feb (SANA)\u00a0 \u00a0M\u00e1s de 3 millones 500 mil estudiantes se dirigieron hoy a sus escuelas e iniciaron el segundo semestre del a\u00f1o acad\u00e9mico 2024-2025. Aproximadamente 11 mil escuelas recibieron a los menores en las diferentes provincias del pa\u00eds. En una declaraci\u00f3n a SANA, el ministro de Educaci\u00f3n, Nazir Al-Qadri afirm\u00f3 que los departamentos &hellip;<\/p>\n","protected":false},"author":35,"featured_media":346333,"comment_status":"closed","ping_status":"closed","sticky":false,"template":"","format":"standard","meta":{"footnotes":""},"categories":[597,20724,476,7541],"tags":[],"class_list":["post-346332","post","type-post","status-publish","format-standard","has-post-thumbnail","","category-cinta-de-noticias","category-minuto-a-minuto","category-locales","category-ultimas-noticias"],"_links":{"self":[{"href":"https:\/\/archive.sana.sy\/es\/index.php?rest_route=\/wp\/v2\/posts\/346332"}],"collection":[{"href":"https:\/\/archive.sana.sy\/es\/index.php?rest_route=\/wp\/v2\/posts"}],"about":[{"href":"https:\/\/archive.sana.sy\/es\/index.php?rest_route=\/wp\/v2\/types\/post"}],"author":[{"embeddable":true,"href":"https:\/\/archive.sana.sy\/es\/index.php?rest_route=\/wp\/v2\/users\/35"}],"replies":[{"embeddable":true,"href":"https:\/\/archive.sana.sy\/es\/index.php?rest_route=%2Fwp%2Fv2%2Fcomments&post=346332"}],"version-history":[{"count":1,"href":"https:\/\/archive.sana.sy\/es\/index.php?rest_route=\/wp\/v2\/posts\/346332\/revisions"}],"predecessor-version":[{"id":346334,"href":"https:\/\/archive.sana.sy\/es\/index.php?rest_route=\/wp\/v2\/posts\/346332\/revisions\/346334"}],"wp:featuredmedia":[{"embeddable":true,"href":"https:\/\/archive.sana.sy\/es\/index.php?rest_route=\/wp\/v2\/media\/346333"}],"wp:attachment":[{"href":"https:\/\/archive.sana.sy\/es\/index.php?rest_route=%2Fwp%2Fv2%2Fmedia&parent=346332"}],"wp:term":[{"taxonomy":"category","embeddable":true,"href":"https:\/\/archive.sana.sy\/es\/index.php?rest_route=%2Fwp%2Fv2%2Fcategories&post=346332"},{"taxonomy":"post_tag","embeddable":true,"href":"https:\/\/archive.sana.sy\/es\/index.php?rest_route=%2Fwp%2Fv2%2Ftags&post=346332"}],"curies":[{"name":"wp","href":"https:\/\/api.w.org\/{rel}","templated":true}]}}