{"id":346335,"date":"2025-02-02T12:14:33","date_gmt":"2025-02-02T09:14:33","guid":{"rendered":"https:\/\/sana.sy\/es\/?p=346335"},"modified":"2025-02-02T12:14:56","modified_gmt":"2025-02-02T09:14:56","slug":"cuatro-muertos-por-explosion-de-un-coche-bomba-en-el-noreste-de-alepo","status":"publish","type":"post","link":"https:\/\/archive.sana.sy\/es\/?p=346335","title":{"rendered":"Cuatro muertos por explosi\u00f3n de un coche bomba en el noreste de Alepo"},"content":{"rendered":"<p style=\"text-align: justify;\"><span style=\"color: #800000;\"><strong>Alepo, 02 feb (SANA)\u00a0<\/strong><\/span> \u00a0Cuatro personas murieron y otras resultaron heridas por la explosi\u00f3n de un coche bomba en la ciudad siria de Manbij, en el campo este de la provincia de Alepo.<\/p>\n<p style=\"text-align: justify;\">La Defensa Civil Siria public\u00f3 en su canal de Telegram, que el atentado tuvo lugar en la calle Al-Rabita, en el centro de Manbij, lo que provoc\u00f3 la muerte de cuatro civiles y la lesi\u00f3n de nueve otros, incluidos cuatro ni\u00f1os.<\/p>\n<p style=\"text-align: justify;\">La explosi\u00f3n provoc\u00f3 dos incendios en el lugar y en un taller de costura, y caus\u00f3 da\u00f1os materiales en los edificios vecinos, agreg\u00f3 el Organismo.<\/p>\n<p style=\"text-align: justify;\"><strong><span style=\"color: #800000;\">ws<\/span><\/strong><\/p>\n","protected":false},"excerpt":{"rendered":"<p>Alepo, 02 feb (SANA)\u00a0 \u00a0Cuatro personas murieron y otras resultaron heridas por la explosi\u00f3n de un coche bomba en la ciudad siria de Manbij, en el campo este de la provincia de Alepo. La Defensa Civil Siria public\u00f3 en su canal de Telegram, que el atentado tuvo lugar en la calle Al-Rabita, en el centro &hellip;<\/p>\n","protected":false},"author":35,"featured_media":346336,"comment_status":"closed","ping_status":"closed","sticky":false,"template":"","format":"standard","meta":{"footnotes":""},"categories":[477,447,597,20724,16688,476,7541],"tags":[],"class_list":["post-346335","post","type-post","status-publish","format-standard","has-post-thumbnail","","category-noticias-edulcorantes","category-local-politica","category-cinta-de-noticias","category-minuto-a-minuto","category-nacionales","category-locales","category-ultimas-noticias"],"_links":{"self":[{"href":"https:\/\/archive.sana.sy\/es\/index.php?rest_route=\/wp\/v2\/posts\/346335"}],"collection":[{"href":"https:\/\/archive.sana.sy\/es\/index.php?rest_route=\/wp\/v2\/posts"}],"about":[{"href":"https:\/\/archive.sana.sy\/es\/index.php?rest_route=\/wp\/v2\/types\/post"}],"author":[{"embeddable":true,"href":"https:\/\/archive.sana.sy\/es\/index.php?rest_route=\/wp\/v2\/users\/35"}],"replies":[{"embeddable":true,"href":"https:\/\/archive.sana.sy\/es\/index.php?rest_route=%2Fwp%2Fv2%2Fcomments&post=346335"}],"version-history":[{"count":2,"href":"https:\/\/archive.sana.sy\/es\/index.php?rest_route=\/wp\/v2\/posts\/346335\/revisions"}],"predecessor-version":[{"id":346338,"href":"https:\/\/archive.sana.sy\/es\/index.php?rest_route=\/wp\/v2\/posts\/346335\/revisions\/346338"}],"wp:featuredmedia":[{"embeddable":true,"href":"https:\/\/archive.sana.sy\/es\/index.php?rest_route=\/wp\/v2\/media\/346336"}],"wp:attachment":[{"href":"https:\/\/archive.sana.sy\/es\/index.php?rest_route=%2Fwp%2Fv2%2Fmedia&parent=346335"}],"wp:term":[{"taxonomy":"category","embeddable":true,"href":"https:\/\/archive.sana.sy\/es\/index.php?rest_route=%2Fwp%2Fv2%2Fcategories&post=346335"},{"taxonomy":"post_tag","embeddable":true,"href":"https:\/\/archive.sana.sy\/es\/index.php?rest_route=%2Fwp%2Fv2%2Ftags&post=346335"}],"curies":[{"name":"wp","href":"https:\/\/api.w.org\/{rel}","templated":true}]}}