{"id":346387,"date":"2025-02-03T09:27:08","date_gmt":"2025-02-03T06:27:08","guid":{"rendered":"https:\/\/sana.sy\/es\/?p=346387"},"modified":"2025-02-03T09:27:40","modified_gmt":"2025-02-03T06:27:40","slug":"presidente-del-consejo-de-soberania-de-transicion-de-sudan-felicita-a-al-sharaa-por-su-asuncion-de-la-presidencia-siria","status":"publish","type":"post","link":"https:\/\/archive.sana.sy\/es\/?p=346387","title":{"rendered":"Presidente del Consejo de Soberan\u00eda de Transici\u00f3n de Sud\u00e1n felicita a Al-Sharaa por su asunci\u00f3n de la presidencia siria"},"content":{"rendered":"<p style=\"text-align: justify;\"><span style=\"color: #800000;\"><strong>Jartum \u00a002 feb (SANA)\u00a0 <\/strong><\/span>El presidente del Consejo de Soberan\u00eda de Transici\u00f3n del Sud\u00e1n, el teniente general Abdel Fattah Al-Burhan, felicit\u00f3 al presidente de la Rep\u00fablica \u00c1rabe Siria, Ahmed Al-Sharaa, por su asunci\u00f3n de la presidencia de la Rep\u00fablica.<\/p>\n<p style=\"text-align: justify;\">Asimismo, expres\u00f3 sus deseos de \u00e9xito a Al-Sharaa en hacer realidad las aspiraciones del pueblo sirio de progreso y bienestar.<\/p>\n<p style=\"text-align: justify;\"><span style=\"color: #800000;\"><strong>fm\/ws<\/strong><\/span><\/p>\n","protected":false},"excerpt":{"rendered":"<p>Jartum \u00a002 feb (SANA)\u00a0 El presidente del Consejo de Soberan\u00eda de Transici\u00f3n del Sud\u00e1n, el teniente general Abdel Fattah Al-Burhan, felicit\u00f3 al presidente de la Rep\u00fablica \u00c1rabe Siria, Ahmed Al-Sharaa, por su asunci\u00f3n de la presidencia de la Rep\u00fablica. Asimismo, expres\u00f3 sus deseos de \u00e9xito a Al-Sharaa en hacer realidad las aspiraciones del pueblo sirio &hellip;<\/p>\n","protected":false},"author":35,"featured_media":346388,"comment_status":"closed","ping_status":"closed","sticky":false,"template":"","format":"standard","meta":{"footnotes":""},"categories":[447,477,597,456,16687,20724,467,7541],"tags":[],"class_list":["post-346387","post","type-post","status-publish","format-standard","has-post-thumbnail","","category-local-politica","category-noticias-edulcorantes","category-cinta-de-noticias","category-arabe-internacional-politica","category-internacionales","category-minuto-a-minuto","category-siria-y-el-mundo","category-ultimas-noticias"],"_links":{"self":[{"href":"https:\/\/archive.sana.sy\/es\/index.php?rest_route=\/wp\/v2\/posts\/346387"}],"collection":[{"href":"https:\/\/archive.sana.sy\/es\/index.php?rest_route=\/wp\/v2\/posts"}],"about":[{"href":"https:\/\/archive.sana.sy\/es\/index.php?rest_route=\/wp\/v2\/types\/post"}],"author":[{"embeddable":true,"href":"https:\/\/archive.sana.sy\/es\/index.php?rest_route=\/wp\/v2\/users\/35"}],"replies":[{"embeddable":true,"href":"https:\/\/archive.sana.sy\/es\/index.php?rest_route=%2Fwp%2Fv2%2Fcomments&post=346387"}],"version-history":[{"count":2,"href":"https:\/\/archive.sana.sy\/es\/index.php?rest_route=\/wp\/v2\/posts\/346387\/revisions"}],"predecessor-version":[{"id":346390,"href":"https:\/\/archive.sana.sy\/es\/index.php?rest_route=\/wp\/v2\/posts\/346387\/revisions\/346390"}],"wp:featuredmedia":[{"embeddable":true,"href":"https:\/\/archive.sana.sy\/es\/index.php?rest_route=\/wp\/v2\/media\/346388"}],"wp:attachment":[{"href":"https:\/\/archive.sana.sy\/es\/index.php?rest_route=%2Fwp%2Fv2%2Fmedia&parent=346387"}],"wp:term":[{"taxonomy":"category","embeddable":true,"href":"https:\/\/archive.sana.sy\/es\/index.php?rest_route=%2Fwp%2Fv2%2Fcategories&post=346387"},{"taxonomy":"post_tag","embeddable":true,"href":"https:\/\/archive.sana.sy\/es\/index.php?rest_route=%2Fwp%2Fv2%2Ftags&post=346387"}],"curies":[{"name":"wp","href":"https:\/\/api.w.org\/{rel}","templated":true}]}}