{"id":346399,"date":"2025-02-03T10:30:32","date_gmt":"2025-02-03T07:30:32","guid":{"rendered":"https:\/\/sana.sy\/es\/?p=346399"},"modified":"2025-02-03T10:32:21","modified_gmt":"2025-02-03T07:32:21","slug":"al-menos15-muertos-y-decenas-de-heridos-por-la-explosion-de-un-coche-bomba-en-manbij-alepo","status":"publish","type":"post","link":"https:\/\/archive.sana.sy\/es\/?p=346399","title":{"rendered":"Al menos 15 muertos y decenas de heridos por la explosi\u00f3n de un coche bomba en Manbij \/ Alepo"},"content":{"rendered":"<p style=\"text-align: justify;\"><span style=\"color: #800000;\"><strong>Alepo, 03 feb (SANA) <\/strong><\/span>14 mujeres y un hombre perdieron la vida este lunes y otras 15 mujeres resultaron heridas, algunas de gravedad, por la explosi\u00f3n de un coche-bomba en las afueras de la ciudad de Manbij, al este de la provincia de Alepo.<\/p>\n<p style=\"text-align: justify;\">De acuerdo con la Defensa Civil Siria, la explosi\u00f3n ocurri\u00f3 cerca de un autom\u00f3vil que transportaba a trabajadores agr\u00edcolas, y asegur\u00f3 que la cifra de v\u00edctimas podr\u00eda aumentar.<\/p>\n<p style=\"text-align: justify;\">El domingo, cuatro personas murieron y otras resultaron heridas por semejante estallido de un carro bomba en el centro de Manbij.<\/p>\n<p style=\"text-align: justify;\"><span style=\"color: #800000;\"><strong>fm\/ws<\/strong><\/span><\/p>\n","protected":false},"excerpt":{"rendered":"<p>Alepo, 03 feb (SANA) 14 mujeres y un hombre perdieron la vida este lunes y otras 15 mujeres resultaron heridas, algunas de gravedad, por la explosi\u00f3n de un coche-bomba en las afueras de la ciudad de Manbij, al este de la provincia de Alepo. De acuerdo con la Defensa Civil Siria, la explosi\u00f3n ocurri\u00f3 cerca &hellip;<\/p>\n","protected":false},"author":35,"featured_media":346400,"comment_status":"closed","ping_status":"closed","sticky":false,"template":"","format":"standard","meta":{"footnotes":""},"categories":[447,477,597,20724,476,7541],"tags":[],"class_list":["post-346399","post","type-post","status-publish","format-standard","has-post-thumbnail","","category-local-politica","category-noticias-edulcorantes","category-cinta-de-noticias","category-minuto-a-minuto","category-locales","category-ultimas-noticias"],"_links":{"self":[{"href":"https:\/\/archive.sana.sy\/es\/index.php?rest_route=\/wp\/v2\/posts\/346399"}],"collection":[{"href":"https:\/\/archive.sana.sy\/es\/index.php?rest_route=\/wp\/v2\/posts"}],"about":[{"href":"https:\/\/archive.sana.sy\/es\/index.php?rest_route=\/wp\/v2\/types\/post"}],"author":[{"embeddable":true,"href":"https:\/\/archive.sana.sy\/es\/index.php?rest_route=\/wp\/v2\/users\/35"}],"replies":[{"embeddable":true,"href":"https:\/\/archive.sana.sy\/es\/index.php?rest_route=%2Fwp%2Fv2%2Fcomments&post=346399"}],"version-history":[{"count":2,"href":"https:\/\/archive.sana.sy\/es\/index.php?rest_route=\/wp\/v2\/posts\/346399\/revisions"}],"predecessor-version":[{"id":346402,"href":"https:\/\/archive.sana.sy\/es\/index.php?rest_route=\/wp\/v2\/posts\/346399\/revisions\/346402"}],"wp:featuredmedia":[{"embeddable":true,"href":"https:\/\/archive.sana.sy\/es\/index.php?rest_route=\/wp\/v2\/media\/346400"}],"wp:attachment":[{"href":"https:\/\/archive.sana.sy\/es\/index.php?rest_route=%2Fwp%2Fv2%2Fmedia&parent=346399"}],"wp:term":[{"taxonomy":"category","embeddable":true,"href":"https:\/\/archive.sana.sy\/es\/index.php?rest_route=%2Fwp%2Fv2%2Fcategories&post=346399"},{"taxonomy":"post_tag","embeddable":true,"href":"https:\/\/archive.sana.sy\/es\/index.php?rest_route=%2Fwp%2Fv2%2Ftags&post=346399"}],"curies":[{"name":"wp","href":"https:\/\/api.w.org\/{rel}","templated":true}]}}