{"id":346403,"date":"2025-02-03T11:50:14","date_gmt":"2025-02-03T08:50:14","guid":{"rendered":"https:\/\/sana.sy\/es\/?p=346403"},"modified":"2025-02-03T17:06:32","modified_gmt":"2025-02-03T14:06:32","slug":"presidente-sirio-visita-la-sede-de-sdaia-en-arabia-saudi","status":"publish","type":"post","link":"https:\/\/archive.sana.sy\/es\/?p=346403","title":{"rendered":"Presidente sirio visita la sede de SDAIA en Arabia Saud\u00ed"},"content":{"rendered":"<p style=\"text-align: justify;\"><strong><span style=\"color: #800000;\">Riad, 3 feb (SANA)<\/span>\u00a0<\/strong> En el marco de su actual visita a Arabia Saudita, el presidente sirio, Ahmed Al-Shara, realiz\u00f3 una visita a la sede de la Autoridad Saudita de Datos e Inteligencia Artificial (SDAIA).<\/p>\n<p style=\"text-align: justify;\"><img loading=\"lazy\" decoding=\"async\" class=\"size-full wp-image-346408 alignright\" src=\"http:\/\/sana.sy\/es\/wp-content\/uploads\/2025\/02\/11-300x168-1.jpg\" alt=\"\" width=\"300\" height=\"168\" srcset=\"https:\/\/archive.sana.sy\/es\/wp-content\/uploads\/2025\/02\/11-300x168-1.jpg 300w, https:\/\/archive.sana.sy\/es\/wp-content\/uploads\/2025\/02\/11-300x168-1-150x84.jpg 150w\" sizes=\"(max-width: 300px) 100vw, 300px\" \/><\/p>\n<p style=\"text-align: justify;\">La Agencia de Noticias Saud\u00ed (SPA) inform\u00f3 que el l\u00edder sirio recorri\u00f3 las instalaciones t\u00e9cnicas de este grupo internacional y se reuni\u00f3 con su presidente, Abdullah Sharaf Al-Ghamdi, quien le explic\u00f3 sobre los esfuerzos del Reino en este campo en el marco de la Visi\u00f3n Saudita 2030 para construir una econom\u00eda nacional basada en datos y convertir este pa\u00eds en un centro global en la regi\u00f3n para las tecnolog\u00edas de inteligencia artificial.<\/p>\n<p style=\"text-align: justify;\">Asimismo, fueron proyectados materiales visuales por parte del Sistema de Econom\u00eda Digital, la Autoridad Nacional de Ciberseguridad y la Autoridad de Zakat, Impuestos y Aduanas.<\/p>\n<p style=\"text-align: justify;\"><span style=\"color: #800000;\"><strong>ws\/fm<\/strong><\/span><\/p>\n","protected":false},"excerpt":{"rendered":"<p>Riad, 3 feb (SANA)\u00a0 En el marco de su actual visita a Arabia Saudita, el presidente sirio, Ahmed Al-Shara, realiz\u00f3 una visita a la sede de la Autoridad Saudita de Datos e Inteligencia Artificial (SDAIA). La Agencia de Noticias Saud\u00ed (SPA) inform\u00f3 que el l\u00edder sirio recorri\u00f3 las instalaciones t\u00e9cnicas de este grupo internacional y &hellip;<\/p>\n","protected":false},"author":35,"featured_media":346405,"comment_status":"closed","ping_status":"closed","sticky":false,"template":"","format":"standard","meta":{"footnotes":""},"categories":[597,16687,20724,467,583],"tags":[],"class_list":["post-346403","post","type-post","status-publish","format-standard","has-post-thumbnail","","category-cinta-de-noticias","category-internacionales","category-minuto-a-minuto","category-siria-y-el-mundo","category-slide"],"_links":{"self":[{"href":"https:\/\/archive.sana.sy\/es\/index.php?rest_route=\/wp\/v2\/posts\/346403"}],"collection":[{"href":"https:\/\/archive.sana.sy\/es\/index.php?rest_route=\/wp\/v2\/posts"}],"about":[{"href":"https:\/\/archive.sana.sy\/es\/index.php?rest_route=\/wp\/v2\/types\/post"}],"author":[{"embeddable":true,"href":"https:\/\/archive.sana.sy\/es\/index.php?rest_route=\/wp\/v2\/users\/35"}],"replies":[{"embeddable":true,"href":"https:\/\/archive.sana.sy\/es\/index.php?rest_route=%2Fwp%2Fv2%2Fcomments&post=346403"}],"version-history":[{"count":5,"href":"https:\/\/archive.sana.sy\/es\/index.php?rest_route=\/wp\/v2\/posts\/346403\/revisions"}],"predecessor-version":[{"id":346411,"href":"https:\/\/archive.sana.sy\/es\/index.php?rest_route=\/wp\/v2\/posts\/346403\/revisions\/346411"}],"wp:featuredmedia":[{"embeddable":true,"href":"https:\/\/archive.sana.sy\/es\/index.php?rest_route=\/wp\/v2\/media\/346405"}],"wp:attachment":[{"href":"https:\/\/archive.sana.sy\/es\/index.php?rest_route=%2Fwp%2Fv2%2Fmedia&parent=346403"}],"wp:term":[{"taxonomy":"category","embeddable":true,"href":"https:\/\/archive.sana.sy\/es\/index.php?rest_route=%2Fwp%2Fv2%2Fcategories&post=346403"},{"taxonomy":"post_tag","embeddable":true,"href":"https:\/\/archive.sana.sy\/es\/index.php?rest_route=%2Fwp%2Fv2%2Ftags&post=346403"}],"curies":[{"name":"wp","href":"https:\/\/api.w.org\/{rel}","templated":true}]}}