{"id":346419,"date":"2025-02-03T15:08:40","date_gmt":"2025-02-03T12:08:40","guid":{"rendered":"https:\/\/sana.sy\/es\/?p=346419"},"modified":"2025-02-03T15:08:40","modified_gmt":"2025-02-03T12:08:40","slug":"primer-ministro-de-pakistan-felicita-a-al-sharaa-por-asumir-la-presidencia-de-siria","status":"publish","type":"post","link":"https:\/\/archive.sana.sy\/es\/?p=346419","title":{"rendered":"Primer Ministro de Pakist\u00e1n felicita a Al-Sharaa por asumir la presidencia de Siria"},"content":{"rendered":"<p style=\"text-align: justify;\"><span style=\"color: #800000;\">Islamabad, 3 feb (SANA)<\/span> El primer ministro paquistan\u00ed, Muhammad Shehbaz Sharif, felicit\u00f3 a Ahmad Al-Shara, por asumir la presidencia de la Rep\u00fablica \u00c1rabe Siria.<\/p>\n<p style=\"text-align: justify;\">Sharif expres\u00f3 su esperanza de que el nuevo l\u00edder pueda lograr la paz, el progreso y el bienestar de Siria.<\/p>\n<p style=\"text-align: justify;\">ed\/fm<\/p>\n","protected":false},"excerpt":{"rendered":"<p>Islamabad, 3 feb (SANA) El primer ministro paquistan\u00ed, Muhammad Shehbaz Sharif, felicit\u00f3 a Ahmad Al-Shara, por asumir la presidencia de la Rep\u00fablica \u00c1rabe Siria. Sharif expres\u00f3 su esperanza de que el nuevo l\u00edder pueda lograr la paz, el progreso y el bienestar de Siria. ed\/fm<\/p>\n","protected":false},"author":32,"featured_media":346420,"comment_status":"closed","ping_status":"closed","sticky":false,"template":"","format":"standard","meta":{"footnotes":""},"categories":[597,20724,467,583],"tags":[],"class_list":["post-346419","post","type-post","status-publish","format-standard","has-post-thumbnail","","category-cinta-de-noticias","category-minuto-a-minuto","category-siria-y-el-mundo","category-slide"],"_links":{"self":[{"href":"https:\/\/archive.sana.sy\/es\/index.php?rest_route=\/wp\/v2\/posts\/346419"}],"collection":[{"href":"https:\/\/archive.sana.sy\/es\/index.php?rest_route=\/wp\/v2\/posts"}],"about":[{"href":"https:\/\/archive.sana.sy\/es\/index.php?rest_route=\/wp\/v2\/types\/post"}],"author":[{"embeddable":true,"href":"https:\/\/archive.sana.sy\/es\/index.php?rest_route=\/wp\/v2\/users\/32"}],"replies":[{"embeddable":true,"href":"https:\/\/archive.sana.sy\/es\/index.php?rest_route=%2Fwp%2Fv2%2Fcomments&post=346419"}],"version-history":[{"count":1,"href":"https:\/\/archive.sana.sy\/es\/index.php?rest_route=\/wp\/v2\/posts\/346419\/revisions"}],"predecessor-version":[{"id":346421,"href":"https:\/\/archive.sana.sy\/es\/index.php?rest_route=\/wp\/v2\/posts\/346419\/revisions\/346421"}],"wp:featuredmedia":[{"embeddable":true,"href":"https:\/\/archive.sana.sy\/es\/index.php?rest_route=\/wp\/v2\/media\/346420"}],"wp:attachment":[{"href":"https:\/\/archive.sana.sy\/es\/index.php?rest_route=%2Fwp%2Fv2%2Fmedia&parent=346419"}],"wp:term":[{"taxonomy":"category","embeddable":true,"href":"https:\/\/archive.sana.sy\/es\/index.php?rest_route=%2Fwp%2Fv2%2Fcategories&post=346419"},{"taxonomy":"post_tag","embeddable":true,"href":"https:\/\/archive.sana.sy\/es\/index.php?rest_route=%2Fwp%2Fv2%2Ftags&post=346419"}],"curies":[{"name":"wp","href":"https:\/\/api.w.org\/{rel}","templated":true}]}}