{"id":346442,"date":"2025-02-04T08:53:42","date_gmt":"2025-02-04T05:53:42","guid":{"rendered":"https:\/\/sana.sy\/es\/?p=346442"},"modified":"2025-02-04T09:01:24","modified_gmt":"2025-02-04T06:01:24","slug":"capturan-al-murcielago-uno-de-los-implicados-en-crimenes-contra-el-pueblo-sirio","status":"publish","type":"post","link":"https:\/\/archive.sana.sy\/es\/?p=346442","title":{"rendered":"Capturan al \u201cMurci\u00e9lago\u201d, uno de los implicados en cr\u00edmenes contra el pueblo sirio"},"content":{"rendered":"<p style=\"text-align: justify;\"><span style=\"color: #800000;\"><strong>Tartous, 4 feb (SANA)<\/strong> <\/span>El Departamento de Seguridad General, en cooperaci\u00f3n con el Servicio General de Inteligencia, arrest\u00f3 al criminal Musa Ahmed Khalifa, apodado el \u201cMurci\u00e9lago\u201d, y acusado de cometer numerosos cr\u00edmenes atroces contra el pueblo sirio.<\/p>\n<p style=\"text-align: justify;\">Fueron tambi\u00e9n incautadas armas que ten\u00eda el autor escondidas bajo tierra.<\/p>\n<div id='gallery-1' class='gallery galleryid-346442 gallery-columns-1 gallery-size-full'><figure class='gallery-item'>\n\t\t\t<div class='gallery-icon landscape'>\n\t\t\t\t<a href='https:\/\/archive.sana.sy\/es\/wp-content\/uploads\/2025\/02\/photo_2025-02-03_22-25-36-2.jpg'><img loading=\"lazy\" decoding=\"async\" width=\"600\" height=\"300\" src=\"https:\/\/archive.sana.sy\/es\/wp-content\/uploads\/2025\/02\/photo_2025-02-03_22-25-36-2.jpg\" class=\"attachment-full size-full\" alt=\"\" srcset=\"https:\/\/archive.sana.sy\/es\/wp-content\/uploads\/2025\/02\/photo_2025-02-03_22-25-36-2.jpg 600w, https:\/\/archive.sana.sy\/es\/wp-content\/uploads\/2025\/02\/photo_2025-02-03_22-25-36-2-300x150.jpg 300w, https:\/\/archive.sana.sy\/es\/wp-content\/uploads\/2025\/02\/photo_2025-02-03_22-25-36-2-150x75.jpg 150w\" sizes=\"(max-width: 600px) 100vw, 600px\" \/><\/a>\n\t\t\t<\/div><\/figure>\n\t\t<\/div>\n\n<p style=\"text-align: justify;\">\n","protected":false},"excerpt":{"rendered":"<p>Tartous, 4 feb (SANA) El Departamento de Seguridad General, en cooperaci\u00f3n con el Servicio General de Inteligencia, arrest\u00f3 al criminal Musa Ahmed Khalifa, apodado el \u201cMurci\u00e9lago\u201d, y acusado de cometer numerosos cr\u00edmenes atroces contra el pueblo sirio. Fueron tambi\u00e9n incautadas armas que ten\u00eda el autor escondidas bajo tierra.<\/p>\n","protected":false},"author":42,"featured_media":346446,"comment_status":"closed","ping_status":"closed","sticky":false,"template":"","format":"standard","meta":{"footnotes":""},"categories":[597,20724,476,7541],"tags":[],"class_list":["post-346442","post","type-post","status-publish","format-standard","has-post-thumbnail","","category-cinta-de-noticias","category-minuto-a-minuto","category-locales","category-ultimas-noticias"],"_links":{"self":[{"href":"https:\/\/archive.sana.sy\/es\/index.php?rest_route=\/wp\/v2\/posts\/346442"}],"collection":[{"href":"https:\/\/archive.sana.sy\/es\/index.php?rest_route=\/wp\/v2\/posts"}],"about":[{"href":"https:\/\/archive.sana.sy\/es\/index.php?rest_route=\/wp\/v2\/types\/post"}],"author":[{"embeddable":true,"href":"https:\/\/archive.sana.sy\/es\/index.php?rest_route=\/wp\/v2\/users\/42"}],"replies":[{"embeddable":true,"href":"https:\/\/archive.sana.sy\/es\/index.php?rest_route=%2Fwp%2Fv2%2Fcomments&post=346442"}],"version-history":[{"count":1,"href":"https:\/\/archive.sana.sy\/es\/index.php?rest_route=\/wp\/v2\/posts\/346442\/revisions"}],"predecessor-version":[{"id":346450,"href":"https:\/\/archive.sana.sy\/es\/index.php?rest_route=\/wp\/v2\/posts\/346442\/revisions\/346450"}],"wp:featuredmedia":[{"embeddable":true,"href":"https:\/\/archive.sana.sy\/es\/index.php?rest_route=\/wp\/v2\/media\/346446"}],"wp:attachment":[{"href":"https:\/\/archive.sana.sy\/es\/index.php?rest_route=%2Fwp%2Fv2%2Fmedia&parent=346442"}],"wp:term":[{"taxonomy":"category","embeddable":true,"href":"https:\/\/archive.sana.sy\/es\/index.php?rest_route=%2Fwp%2Fv2%2Fcategories&post=346442"},{"taxonomy":"post_tag","embeddable":true,"href":"https:\/\/archive.sana.sy\/es\/index.php?rest_route=%2Fwp%2Fv2%2Ftags&post=346442"}],"curies":[{"name":"wp","href":"https:\/\/api.w.org\/{rel}","templated":true}]}}