{"id":346451,"date":"2025-02-04T09:23:09","date_gmt":"2025-02-04T06:23:09","guid":{"rendered":"https:\/\/sana.sy\/es\/?p=346451"},"modified":"2025-02-04T09:23:31","modified_gmt":"2025-02-04T06:23:31","slug":"que-dijo-el-presidente-sirio-sobre-las-proximas-elecciones-presidenciales","status":"publish","type":"post","link":"https:\/\/archive.sana.sy\/es\/?p=346451","title":{"rendered":"\u00bfQu\u00e9 dijo el presidente sirio sobre las pr\u00f3ximas elecciones presidenciales?"},"content":{"rendered":"<p style=\"text-align: justify;\"><span style=\"color: #800000;\"><strong>Damasco, 4 feb (SANA)<\/strong><\/span> El presidente sirio Ahmad Al-Sharaa, dio a conocer hoy las caracter\u00edsticas de la pr\u00f3xima fase pol\u00edtica del pa\u00eds, y asegur\u00f3 que el sistema ser\u00e1 el mismo que Siria ha conocido siempre desde su independencia.<\/p>\n<p style=\"text-align: justify;\">La forma de gobierno en Siria ser\u00e1 coherente con los valores sobre los que se fund\u00f3 el estado desde su inicio, y se basar\u00e1 en un sistema republicano con un gobierno ejecutivo y un parlamento legislativo, y habr\u00e1 cooperaci\u00f3n entre las tres autoridades para garantizar el logro de la justicia y el bien p\u00fablico, dijo el mandatario en una entrevista exclusiva con el canal Syria TV.<\/p>\n<p style=\"text-align: justify;\">La mitad de la gente est\u00e1 fuera del pa\u00eds y muchos de ellos no tienen documentos. En Siria, se produjeron muchos nacimientos y casos de fallecidos no registrados, y tambi\u00e9n hay personas desaparecidas. Adem\u00e1s, algunas partes de Siria todav\u00eda est\u00e1n fuera del control del Estado, por lo que las elecciones necesitan infraestructura y esto puede llevar mucho tiempo, aclar\u00f3 Al-Sharaa sobre las elecciones.<\/p>\n<p style=\"text-align: justify;\">En cuanto a que, si existe un cronograma para estas etapas previas a las elecciones, Al-Sharaa estim\u00f3 que el per\u00edodo ser\u00e1 aproximadamente entre cuatro y cinco a\u00f1os previos a las elecciones, porque hay una infraestructura que necesita reformas amplias y esto lleva tiempo.<\/p>\n<p style=\"text-align: justify;\">Hay muchas herramientas t\u00e9cnicas que el Estado necesita para que tengamos n\u00fameros correctos y claros, y sin esto, cualquier elecci\u00f3n que se realice ser\u00e1 cuestionada. Lo importante es que el proceso sea correcto, si no ser\u00e1 cuestionado, asever\u00f3.<\/p>\n<p style=\"text-align: justify;\">\n","protected":false},"excerpt":{"rendered":"<p>Damasco, 4 feb (SANA) El presidente sirio Ahmad Al-Sharaa, dio a conocer hoy las caracter\u00edsticas de la pr\u00f3xima fase pol\u00edtica del pa\u00eds, y asegur\u00f3 que el sistema ser\u00e1 el mismo que Siria ha conocido siempre desde su independencia. La forma de gobierno en Siria ser\u00e1 coherente con los valores sobre los que se fund\u00f3 el &hellip;<\/p>\n","protected":false},"author":42,"featured_media":346452,"comment_status":"closed","ping_status":"closed","sticky":false,"template":"","format":"standard","meta":{"footnotes":""},"categories":[597,20724,467,583],"tags":[],"class_list":["post-346451","post","type-post","status-publish","format-standard","has-post-thumbnail","","category-cinta-de-noticias","category-minuto-a-minuto","category-siria-y-el-mundo","category-slide"],"_links":{"self":[{"href":"https:\/\/archive.sana.sy\/es\/index.php?rest_route=\/wp\/v2\/posts\/346451"}],"collection":[{"href":"https:\/\/archive.sana.sy\/es\/index.php?rest_route=\/wp\/v2\/posts"}],"about":[{"href":"https:\/\/archive.sana.sy\/es\/index.php?rest_route=\/wp\/v2\/types\/post"}],"author":[{"embeddable":true,"href":"https:\/\/archive.sana.sy\/es\/index.php?rest_route=\/wp\/v2\/users\/42"}],"replies":[{"embeddable":true,"href":"https:\/\/archive.sana.sy\/es\/index.php?rest_route=%2Fwp%2Fv2%2Fcomments&post=346451"}],"version-history":[{"count":1,"href":"https:\/\/archive.sana.sy\/es\/index.php?rest_route=\/wp\/v2\/posts\/346451\/revisions"}],"predecessor-version":[{"id":346453,"href":"https:\/\/archive.sana.sy\/es\/index.php?rest_route=\/wp\/v2\/posts\/346451\/revisions\/346453"}],"wp:featuredmedia":[{"embeddable":true,"href":"https:\/\/archive.sana.sy\/es\/index.php?rest_route=\/wp\/v2\/media\/346452"}],"wp:attachment":[{"href":"https:\/\/archive.sana.sy\/es\/index.php?rest_route=%2Fwp%2Fv2%2Fmedia&parent=346451"}],"wp:term":[{"taxonomy":"category","embeddable":true,"href":"https:\/\/archive.sana.sy\/es\/index.php?rest_route=%2Fwp%2Fv2%2Fcategories&post=346451"},{"taxonomy":"post_tag","embeddable":true,"href":"https:\/\/archive.sana.sy\/es\/index.php?rest_route=%2Fwp%2Fv2%2Ftags&post=346451"}],"curies":[{"name":"wp","href":"https:\/\/api.w.org\/{rel}","templated":true}]}}