{"id":346454,"date":"2025-02-04T09:46:29","date_gmt":"2025-02-04T06:46:29","guid":{"rendered":"https:\/\/sana.sy\/es\/?p=346454"},"modified":"2025-02-04T10:00:27","modified_gmt":"2025-02-04T07:00:27","slug":"qatar-condena-ataque-terrorista-en-alepo","status":"publish","type":"post","link":"https:\/\/archive.sana.sy\/es\/?p=346454","title":{"rendered":"Qatar condena ataque terrorista en Alepo"},"content":{"rendered":"<p style=\"text-align: justify;\"><span style=\"color: #800000;\"><strong>Doha, 4 feb (SANA) <\/strong><\/span>Qatar reiter\u00f3 su solidaridad con Siria y conden\u00f3 en\u00e9rgicamente el atentado terrorista en la ciudad de Manbij, en la zona rural oriental de Alepo.<\/p>\n<p style=\"text-align: justify;\">En un comunicado publicado por la Agencia de Noticias de Qatar (QNA), el Ministerio de Asuntos Exteriores afirm\u00f3 su rechazo a la violencia, el terrorismo y los actos criminales y su apoyo a todas las medidas que adopte Damasco para mantener la seguridad y la estabilidad en Siria.<\/p>\n<p style=\"text-align: justify;\">Adem\u00e1s, Qatar expres\u00f3 sus condolencias al Gobierno y al pueblo sirios y a las familias de las v\u00edctimas.<\/p>\n<p style=\"text-align: justify;\">La v\u00edspera, la Presidencia de Siria emiti\u00f3 una declaraci\u00f3n en el que denunci\u00f3 el atentado terrorista y cobarde que apunt\u00f3 contra los civiles en la ciudad de Manbij, causando la muerte de 20 civiles mientras otros resultaron heridos.<\/p>\n<p style=\"text-align: justify;\">Reafirm\u00f3 que el Estado sirio perseguir\u00e1 a los involucrados en este acto criminal y har\u00e1 para que rindan cuentas para que sean ejemplo de cualquiera que intente atentar contra Siria y su pueblo.<\/p>\n","protected":false},"excerpt":{"rendered":"<p>Doha, 4 feb (SANA) Qatar reiter\u00f3 su solidaridad con Siria y conden\u00f3 en\u00e9rgicamente el atentado terrorista en la ciudad de Manbij, en la zona rural oriental de Alepo. En un comunicado publicado por la Agencia de Noticias de Qatar (QNA), el Ministerio de Asuntos Exteriores afirm\u00f3 su rechazo a la violencia, el terrorismo y los &hellip;<\/p>\n","protected":false},"author":42,"featured_media":346455,"comment_status":"closed","ping_status":"closed","sticky":false,"template":"","format":"standard","meta":{"footnotes":""},"categories":[597,20724,467,7541],"tags":[],"class_list":["post-346454","post","type-post","status-publish","format-standard","has-post-thumbnail","","category-cinta-de-noticias","category-minuto-a-minuto","category-siria-y-el-mundo","category-ultimas-noticias"],"_links":{"self":[{"href":"https:\/\/archive.sana.sy\/es\/index.php?rest_route=\/wp\/v2\/posts\/346454"}],"collection":[{"href":"https:\/\/archive.sana.sy\/es\/index.php?rest_route=\/wp\/v2\/posts"}],"about":[{"href":"https:\/\/archive.sana.sy\/es\/index.php?rest_route=\/wp\/v2\/types\/post"}],"author":[{"embeddable":true,"href":"https:\/\/archive.sana.sy\/es\/index.php?rest_route=\/wp\/v2\/users\/42"}],"replies":[{"embeddable":true,"href":"https:\/\/archive.sana.sy\/es\/index.php?rest_route=%2Fwp%2Fv2%2Fcomments&post=346454"}],"version-history":[{"count":2,"href":"https:\/\/archive.sana.sy\/es\/index.php?rest_route=\/wp\/v2\/posts\/346454\/revisions"}],"predecessor-version":[{"id":346458,"href":"https:\/\/archive.sana.sy\/es\/index.php?rest_route=\/wp\/v2\/posts\/346454\/revisions\/346458"}],"wp:featuredmedia":[{"embeddable":true,"href":"https:\/\/archive.sana.sy\/es\/index.php?rest_route=\/wp\/v2\/media\/346455"}],"wp:attachment":[{"href":"https:\/\/archive.sana.sy\/es\/index.php?rest_route=%2Fwp%2Fv2%2Fmedia&parent=346454"}],"wp:term":[{"taxonomy":"category","embeddable":true,"href":"https:\/\/archive.sana.sy\/es\/index.php?rest_route=%2Fwp%2Fv2%2Fcategories&post=346454"},{"taxonomy":"post_tag","embeddable":true,"href":"https:\/\/archive.sana.sy\/es\/index.php?rest_route=%2Fwp%2Fv2%2Ftags&post=346454"}],"curies":[{"name":"wp","href":"https:\/\/api.w.org\/{rel}","templated":true}]}}