{"id":346460,"date":"2025-02-04T10:48:51","date_gmt":"2025-02-04T07:48:51","guid":{"rendered":"https:\/\/sana.sy\/es\/?p=346460"},"modified":"2025-02-04T10:48:58","modified_gmt":"2025-02-04T07:48:58","slug":"jordania-condena-atentado-terrorista-en-manbij","status":"publish","type":"post","link":"https:\/\/archive.sana.sy\/es\/?p=346460","title":{"rendered":"Jordania condena atentado terrorista en Manbij"},"content":{"rendered":"<p style=\"text-align: justify;\"><span style=\"color: #800000;\"><strong>Am\u00e1n, 4 feb (SANA)<\/strong><\/span> El Ministerio de Asuntos Exteriores y Expatriados de Jordania conden\u00f3 en los t\u00e9rminos m\u00e1s en\u00e9rgicos el atentado terrorista ocurrido en la ciudad de Manbij, en la zona rural oriental de la provincia de Alepo, y provoc\u00f3 la muerte de 20 civiles.<\/p>\n<p style=\"text-align: justify;\">El portavoz oficial de la Canciller\u00eda, Sufian Al-Qudat, reiter\u00f3 la postura del Reino Hachemista de plena solidaridad con el gobierno y pueblo sirios en este doloroso incidente.<\/p>\n<p style=\"text-align: justify;\">Expres\u00f3 su rechazo a todas las formas de violencia y terrorismo contra el pueblo sirio y contra bcualquier acto que afecte la seguridad y estabilidad del pa\u00eds.<\/p>\n<p style=\"text-align: justify;\">Al-Qudat expres\u00f3 sus sinceras condolencias al gobierno y al pueblo sirios y tambi\u00e9n a las familias de las v\u00edctimas, y dese\u00f3 una pronta recuperaci\u00f3n a los heridos.<\/p>\n<p style=\"text-align: justify;\">La v\u00edspera, la Presidencia de Siria emiti\u00f3 una declaraci\u00f3n en la que denunci\u00f3 el atentado y lo tach\u00f3 de terrorista y cobarde, y reafirm\u00f3 que el Estado sirio perseguir\u00e1 a los involucrados en este acto criminal y har\u00e1 para que rindan cuentas.<\/p>\n<p style=\"text-align: justify;\">\n","protected":false},"excerpt":{"rendered":"<p>Am\u00e1n, 4 feb (SANA) El Ministerio de Asuntos Exteriores y Expatriados de Jordania conden\u00f3 en los t\u00e9rminos m\u00e1s en\u00e9rgicos el atentado terrorista ocurrido en la ciudad de Manbij, en la zona rural oriental de la provincia de Alepo, y provoc\u00f3 la muerte de 20 civiles. El portavoz oficial de la Canciller\u00eda, Sufian Al-Qudat, reiter\u00f3 la &hellip;<\/p>\n","protected":false},"author":42,"featured_media":346461,"comment_status":"closed","ping_status":"closed","sticky":false,"template":"","format":"standard","meta":{"footnotes":""},"categories":[597,20724,467,7541],"tags":[],"class_list":["post-346460","post","type-post","status-publish","format-standard","has-post-thumbnail","","category-cinta-de-noticias","category-minuto-a-minuto","category-siria-y-el-mundo","category-ultimas-noticias"],"_links":{"self":[{"href":"https:\/\/archive.sana.sy\/es\/index.php?rest_route=\/wp\/v2\/posts\/346460"}],"collection":[{"href":"https:\/\/archive.sana.sy\/es\/index.php?rest_route=\/wp\/v2\/posts"}],"about":[{"href":"https:\/\/archive.sana.sy\/es\/index.php?rest_route=\/wp\/v2\/types\/post"}],"author":[{"embeddable":true,"href":"https:\/\/archive.sana.sy\/es\/index.php?rest_route=\/wp\/v2\/users\/42"}],"replies":[{"embeddable":true,"href":"https:\/\/archive.sana.sy\/es\/index.php?rest_route=%2Fwp%2Fv2%2Fcomments&post=346460"}],"version-history":[{"count":1,"href":"https:\/\/archive.sana.sy\/es\/index.php?rest_route=\/wp\/v2\/posts\/346460\/revisions"}],"predecessor-version":[{"id":346462,"href":"https:\/\/archive.sana.sy\/es\/index.php?rest_route=\/wp\/v2\/posts\/346460\/revisions\/346462"}],"wp:featuredmedia":[{"embeddable":true,"href":"https:\/\/archive.sana.sy\/es\/index.php?rest_route=\/wp\/v2\/media\/346461"}],"wp:attachment":[{"href":"https:\/\/archive.sana.sy\/es\/index.php?rest_route=%2Fwp%2Fv2%2Fmedia&parent=346460"}],"wp:term":[{"taxonomy":"category","embeddable":true,"href":"https:\/\/archive.sana.sy\/es\/index.php?rest_route=%2Fwp%2Fv2%2Fcategories&post=346460"},{"taxonomy":"post_tag","embeddable":true,"href":"https:\/\/archive.sana.sy\/es\/index.php?rest_route=%2Fwp%2Fv2%2Ftags&post=346460"}],"curies":[{"name":"wp","href":"https:\/\/api.w.org\/{rel}","templated":true}]}}