{"id":346464,"date":"2025-02-04T12:26:44","date_gmt":"2025-02-04T09:26:44","guid":{"rendered":"https:\/\/sana.sy\/es\/?p=346464"},"modified":"2025-02-04T14:11:26","modified_gmt":"2025-02-04T11:11:26","slug":"pedersen-acoge-con-satisfaccion-las-afirmaciones-de-la-nueva-administracion-siria-sobre-la-construccion-del-estado","status":"publish","type":"post","link":"https:\/\/archive.sana.sy\/es\/?p=346464","title":{"rendered":"Pedersen acoge con satisfacci\u00f3n las afirmaciones de la nueva administraci\u00f3n siria sobre la construcci\u00f3n del Estado"},"content":{"rendered":"<p style=\"text-align: justify;\"><span style=\"color: #800000;\">Nueva York, 4 feb (SANA)<\/span> El enviado especial de las Naciones Unidas para Siria, Geir Pedersen, acogi\u00f3 con satisfacci\u00f3n las garant\u00edas claras y reiteradas de los dirigentes de la nueva administraci\u00f3n siria de que la nueva Siria ser\u00e1 para todos los sirios y se construir\u00e1 sobre bases inclusivas y cre\u00edbles.<\/p>\n<p style=\"text-align: justify;\">\u201cPercib\u00ed una convergencia real entre las expectativas de los sirios, los compromisos de las autoridades provisionales y los principios b\u00e1sicos de la Resoluci\u00f3n 2254 del Consejo de Seguridad aprobada en 2015\u201d, dijo Pedersen, seg\u00fan public\u00f3 el sitio web de noticias de la ONU.<\/p>\n<p style=\"text-align: justify;\">Expres\u00f3 su agradecimiento por las promesas que recibi\u00f3 de cooperar y consultar estrechamente con las Naciones Unidas sobre todas las medidas relacionadas con la transici\u00f3n dirigida y controlada por los sirios, y expres\u00f3 su aspiraci\u00f3n de trabajar positivamente con el gobierno sirio.<\/p>\n<p style=\"text-align: justify;\">fm\/ed<\/p>\n","protected":false},"excerpt":{"rendered":"<p>Nueva York, 4 feb (SANA) El enviado especial de las Naciones Unidas para Siria, Geir Pedersen, acogi\u00f3 con satisfacci\u00f3n las garant\u00edas claras y reiteradas de los dirigentes de la nueva administraci\u00f3n siria de que la nueva Siria ser\u00e1 para todos los sirios y se construir\u00e1 sobre bases inclusivas y cre\u00edbles. \u201cPercib\u00ed una convergencia real entre &hellip;<\/p>\n","protected":false},"author":32,"featured_media":346467,"comment_status":"closed","ping_status":"closed","sticky":false,"template":"","format":"standard","meta":{"footnotes":""},"categories":[597,467,7541],"tags":[],"class_list":["post-346464","post","type-post","status-publish","format-standard","has-post-thumbnail","","category-cinta-de-noticias","category-siria-y-el-mundo","category-ultimas-noticias"],"_links":{"self":[{"href":"https:\/\/archive.sana.sy\/es\/index.php?rest_route=\/wp\/v2\/posts\/346464"}],"collection":[{"href":"https:\/\/archive.sana.sy\/es\/index.php?rest_route=\/wp\/v2\/posts"}],"about":[{"href":"https:\/\/archive.sana.sy\/es\/index.php?rest_route=\/wp\/v2\/types\/post"}],"author":[{"embeddable":true,"href":"https:\/\/archive.sana.sy\/es\/index.php?rest_route=\/wp\/v2\/users\/32"}],"replies":[{"embeddable":true,"href":"https:\/\/archive.sana.sy\/es\/index.php?rest_route=%2Fwp%2Fv2%2Fcomments&post=346464"}],"version-history":[{"count":1,"href":"https:\/\/archive.sana.sy\/es\/index.php?rest_route=\/wp\/v2\/posts\/346464\/revisions"}],"predecessor-version":[{"id":346466,"href":"https:\/\/archive.sana.sy\/es\/index.php?rest_route=\/wp\/v2\/posts\/346464\/revisions\/346466"}],"wp:featuredmedia":[{"embeddable":true,"href":"https:\/\/archive.sana.sy\/es\/index.php?rest_route=\/wp\/v2\/media\/346467"}],"wp:attachment":[{"href":"https:\/\/archive.sana.sy\/es\/index.php?rest_route=%2Fwp%2Fv2%2Fmedia&parent=346464"}],"wp:term":[{"taxonomy":"category","embeddable":true,"href":"https:\/\/archive.sana.sy\/es\/index.php?rest_route=%2Fwp%2Fv2%2Fcategories&post=346464"},{"taxonomy":"post_tag","embeddable":true,"href":"https:\/\/archive.sana.sy\/es\/index.php?rest_route=%2Fwp%2Fv2%2Ftags&post=346464"}],"curies":[{"name":"wp","href":"https:\/\/api.w.org\/{rel}","templated":true}]}}