{"id":346468,"date":"2025-02-04T12:30:25","date_gmt":"2025-02-04T09:30:25","guid":{"rendered":"https:\/\/sana.sy\/es\/?p=346468"},"modified":"2025-02-04T15:53:07","modified_gmt":"2025-02-04T12:53:07","slug":"ministro-del-interior-recibe-a-embajador-de-chipre","status":"publish","type":"post","link":"https:\/\/archive.sana.sy\/es\/?p=346468","title":{"rendered":"Ministro del Interior recibe a Embajador de Chipre"},"content":{"rendered":"<p style=\"text-align: justify\"><span style=\"color: #800000\">Damasco, 4 feb (SANA)<\/span> El ministro del Interior, Ali Kadda, recibi\u00f3 hoy al embajador chipriota en Siria, Michael Haji Kirou.<\/p>\n<p style=\"text-align: justify\">Durante la reuni\u00f3n, las dos partes examinaron v\u00edas de cooperaci\u00f3n bilateral, y las formas de mejorar la seguridad y estabilidad en la regi\u00f3n.<\/p>\n<p style=\"text-align: justify\">ed\/fm<\/p>\n","protected":false},"excerpt":{"rendered":"<p>Damasco, 4 feb (SANA) El ministro del Interior, Ali Kadda, recibi\u00f3 hoy al embajador chipriota en Siria, Michael Haji Kirou. Durante la reuni\u00f3n, las dos partes examinaron v\u00edas de cooperaci\u00f3n bilateral, y las formas de mejorar la seguridad y estabilidad en la regi\u00f3n. ed\/fm<\/p>\n","protected":false},"author":32,"featured_media":346469,"comment_status":"closed","ping_status":"closed","sticky":false,"template":"","format":"standard","meta":{"footnotes":""},"categories":[477,597,20724,476,7541],"tags":[],"class_list":["post-346468","post","type-post","status-publish","format-standard","has-post-thumbnail","","category-noticias-edulcorantes","category-cinta-de-noticias","category-minuto-a-minuto","category-locales","category-ultimas-noticias"],"_links":{"self":[{"href":"https:\/\/archive.sana.sy\/es\/index.php?rest_route=\/wp\/v2\/posts\/346468"}],"collection":[{"href":"https:\/\/archive.sana.sy\/es\/index.php?rest_route=\/wp\/v2\/posts"}],"about":[{"href":"https:\/\/archive.sana.sy\/es\/index.php?rest_route=\/wp\/v2\/types\/post"}],"author":[{"embeddable":true,"href":"https:\/\/archive.sana.sy\/es\/index.php?rest_route=\/wp\/v2\/users\/32"}],"replies":[{"embeddable":true,"href":"https:\/\/archive.sana.sy\/es\/index.php?rest_route=%2Fwp%2Fv2%2Fcomments&post=346468"}],"version-history":[{"count":2,"href":"https:\/\/archive.sana.sy\/es\/index.php?rest_route=\/wp\/v2\/posts\/346468\/revisions"}],"predecessor-version":[{"id":346490,"href":"https:\/\/archive.sana.sy\/es\/index.php?rest_route=\/wp\/v2\/posts\/346468\/revisions\/346490"}],"wp:featuredmedia":[{"embeddable":true,"href":"https:\/\/archive.sana.sy\/es\/index.php?rest_route=\/wp\/v2\/media\/346469"}],"wp:attachment":[{"href":"https:\/\/archive.sana.sy\/es\/index.php?rest_route=%2Fwp%2Fv2%2Fmedia&parent=346468"}],"wp:term":[{"taxonomy":"category","embeddable":true,"href":"https:\/\/archive.sana.sy\/es\/index.php?rest_route=%2Fwp%2Fv2%2Fcategories&post=346468"},{"taxonomy":"post_tag","embeddable":true,"href":"https:\/\/archive.sana.sy\/es\/index.php?rest_route=%2Fwp%2Fv2%2Ftags&post=346468"}],"curies":[{"name":"wp","href":"https:\/\/api.w.org\/{rel}","templated":true}]}}