{"id":346487,"date":"2025-02-04T15:15:21","date_gmt":"2025-02-04T12:15:21","guid":{"rendered":"https:\/\/sana.sy\/es\/?p=346487"},"modified":"2025-02-04T15:51:30","modified_gmt":"2025-02-04T12:51:30","slug":"el-presidente-de-la-republica-arabe-siria-ahmed-al-sharaa-se-dirige-a-turkiye-en-una-visita-oficial-durante-la-cual-se-reunira-con-el-mandatario-turco-recep-tayyip-erdogan","status":"publish","type":"post","link":"https:\/\/archive.sana.sy\/es\/?p=346487","title":{"rendered":"El presidente de la Rep\u00fablica \u00c1rabe Siria, Ahmad Al-Sharaa, se dirige a T\u00fcrkiye en una visita oficial durante la cual se reunir\u00e1 con el mandatario turco, Recep Tayyip Erdogan."},"content":{"rendered":"","protected":false},"excerpt":{"rendered":"","protected":false},"author":24,"featured_media":0,"comment_status":"closed","ping_status":"closed","sticky":false,"template":"","format":"standard","meta":{"footnotes":""},"categories":[20724],"tags":[],"class_list":["post-346487","post","type-post","status-publish","format-standard","","category-minuto-a-minuto"],"_links":{"self":[{"href":"https:\/\/archive.sana.sy\/es\/index.php?rest_route=\/wp\/v2\/posts\/346487"}],"collection":[{"href":"https:\/\/archive.sana.sy\/es\/index.php?rest_route=\/wp\/v2\/posts"}],"about":[{"href":"https:\/\/archive.sana.sy\/es\/index.php?rest_route=\/wp\/v2\/types\/post"}],"author":[{"embeddable":true,"href":"https:\/\/archive.sana.sy\/es\/index.php?rest_route=\/wp\/v2\/users\/24"}],"replies":[{"embeddable":true,"href":"https:\/\/archive.sana.sy\/es\/index.php?rest_route=%2Fwp%2Fv2%2Fcomments&post=346487"}],"version-history":[{"count":2,"href":"https:\/\/archive.sana.sy\/es\/index.php?rest_route=\/wp\/v2\/posts\/346487\/revisions"}],"predecessor-version":[{"id":346489,"href":"https:\/\/archive.sana.sy\/es\/index.php?rest_route=\/wp\/v2\/posts\/346487\/revisions\/346489"}],"wp:attachment":[{"href":"https:\/\/archive.sana.sy\/es\/index.php?rest_route=%2Fwp%2Fv2%2Fmedia&parent=346487"}],"wp:term":[{"taxonomy":"category","embeddable":true,"href":"https:\/\/archive.sana.sy\/es\/index.php?rest_route=%2Fwp%2Fv2%2Fcategories&post=346487"},{"taxonomy":"post_tag","embeddable":true,"href":"https:\/\/archive.sana.sy\/es\/index.php?rest_route=%2Fwp%2Fv2%2Ftags&post=346487"}],"curies":[{"name":"wp","href":"https:\/\/api.w.org\/{rel}","templated":true}]}}