{"id":346491,"date":"2025-02-04T16:19:06","date_gmt":"2025-02-04T13:19:06","guid":{"rendered":"https:\/\/sana.sy\/es\/?p=346491"},"modified":"2025-02-04T16:19:06","modified_gmt":"2025-02-04T13:19:06","slug":"fuerzas-de-seguridad-liberan-a-cuatro-secuestrados-en-damasco","status":"publish","type":"post","link":"https:\/\/archive.sana.sy\/es\/?p=346491","title":{"rendered":"Fuerzas de Seguridad liberan a cuatro secuestrados en Damasco"},"content":{"rendered":"<p><span style=\"color: #800000\"><strong>Damasco, 04 feb (SANA)<\/strong><\/span> El jefe de la Seguridad General de Damasco, el teniente coronel Abdul Rahman Al-Dabbagh anunci\u00f3 que las Fuerzas de Seguridad lograron liberar a cuatro personas secuestradas en Damasco.<\/p>\n<p>En declaraciones a SANA, Al-Dabbagh inform\u00f3 que las FSG impusieron un cord\u00f3n en el \u00e1rea de al-Somarieh localizada en las afueras de la capital, y consiguieron liberar a cuatro personas y arrestar a los secuestradores despu\u00e9s de haber realizado una redada contra su escondite.<\/p>\n","protected":false},"excerpt":{"rendered":"<p>Damasco, 04 feb (SANA) El jefe de la Seguridad General de Damasco, el teniente coronel Abdul Rahman Al-Dabbagh anunci\u00f3 que las Fuerzas de Seguridad lograron liberar a cuatro personas secuestradas en Damasco. En declaraciones a SANA, Al-Dabbagh inform\u00f3 que las FSG impusieron un cord\u00f3n en el \u00e1rea de al-Somarieh localizada en las afueras de la &hellip;<\/p>\n","protected":false},"author":24,"featured_media":0,"comment_status":"closed","ping_status":"closed","sticky":false,"template":"","format":"standard","meta":{"footnotes":""},"categories":[597,20724,476],"tags":[],"class_list":["post-346491","post","type-post","status-publish","format-standard","","category-cinta-de-noticias","category-minuto-a-minuto","category-locales"],"_links":{"self":[{"href":"https:\/\/archive.sana.sy\/es\/index.php?rest_route=\/wp\/v2\/posts\/346491"}],"collection":[{"href":"https:\/\/archive.sana.sy\/es\/index.php?rest_route=\/wp\/v2\/posts"}],"about":[{"href":"https:\/\/archive.sana.sy\/es\/index.php?rest_route=\/wp\/v2\/types\/post"}],"author":[{"embeddable":true,"href":"https:\/\/archive.sana.sy\/es\/index.php?rest_route=\/wp\/v2\/users\/24"}],"replies":[{"embeddable":true,"href":"https:\/\/archive.sana.sy\/es\/index.php?rest_route=%2Fwp%2Fv2%2Fcomments&post=346491"}],"version-history":[{"count":1,"href":"https:\/\/archive.sana.sy\/es\/index.php?rest_route=\/wp\/v2\/posts\/346491\/revisions"}],"predecessor-version":[{"id":346492,"href":"https:\/\/archive.sana.sy\/es\/index.php?rest_route=\/wp\/v2\/posts\/346491\/revisions\/346492"}],"wp:attachment":[{"href":"https:\/\/archive.sana.sy\/es\/index.php?rest_route=%2Fwp%2Fv2%2Fmedia&parent=346491"}],"wp:term":[{"taxonomy":"category","embeddable":true,"href":"https:\/\/archive.sana.sy\/es\/index.php?rest_route=%2Fwp%2Fv2%2Fcategories&post=346491"},{"taxonomy":"post_tag","embeddable":true,"href":"https:\/\/archive.sana.sy\/es\/index.php?rest_route=%2Fwp%2Fv2%2Ftags&post=346491"}],"curies":[{"name":"wp","href":"https:\/\/api.w.org\/{rel}","templated":true}]}}