{"id":346498,"date":"2025-02-04T16:27:44","date_gmt":"2025-02-04T13:27:44","guid":{"rendered":"https:\/\/sana.sy\/es\/?p=346498"},"modified":"2025-02-04T16:27:44","modified_gmt":"2025-02-04T13:27:44","slug":"3100-mezquitas-y-68-escuelas-de-shariaa-fueron-destruidas-de-forma-parcial-o-total-por-los-bombardeos-barbaricos-del-ex-regimen-denuncio-el-portavoz-del-ministerio-de-asuntos-religiosos-ahmad-al-hal","status":"publish","type":"post","link":"https:\/\/archive.sana.sy\/es\/?p=346498","title":{"rendered":"3100 mezquitas y 68 escuelas de Shariaa fueron destruidas de forma parcial o total por los bombardeos barb\u00e1ricos del ex r\u00e9gimen, denunci\u00f3 el portavoz del Ministerio de Asuntos Religiosos, Ahmad Al-Halak."},"content":{"rendered":"","protected":false},"excerpt":{"rendered":"","protected":false},"author":24,"featured_media":0,"comment_status":"closed","ping_status":"closed","sticky":false,"template":"","format":"standard","meta":{"footnotes":""},"categories":[20724],"tags":[],"class_list":["post-346498","post","type-post","status-publish","format-standard","","category-minuto-a-minuto"],"_links":{"self":[{"href":"https:\/\/archive.sana.sy\/es\/index.php?rest_route=\/wp\/v2\/posts\/346498"}],"collection":[{"href":"https:\/\/archive.sana.sy\/es\/index.php?rest_route=\/wp\/v2\/posts"}],"about":[{"href":"https:\/\/archive.sana.sy\/es\/index.php?rest_route=\/wp\/v2\/types\/post"}],"author":[{"embeddable":true,"href":"https:\/\/archive.sana.sy\/es\/index.php?rest_route=\/wp\/v2\/users\/24"}],"replies":[{"embeddable":true,"href":"https:\/\/archive.sana.sy\/es\/index.php?rest_route=%2Fwp%2Fv2%2Fcomments&post=346498"}],"version-history":[{"count":1,"href":"https:\/\/archive.sana.sy\/es\/index.php?rest_route=\/wp\/v2\/posts\/346498\/revisions"}],"predecessor-version":[{"id":346499,"href":"https:\/\/archive.sana.sy\/es\/index.php?rest_route=\/wp\/v2\/posts\/346498\/revisions\/346499"}],"wp:attachment":[{"href":"https:\/\/archive.sana.sy\/es\/index.php?rest_route=%2Fwp%2Fv2%2Fmedia&parent=346498"}],"wp:term":[{"taxonomy":"category","embeddable":true,"href":"https:\/\/archive.sana.sy\/es\/index.php?rest_route=%2Fwp%2Fv2%2Fcategories&post=346498"},{"taxonomy":"post_tag","embeddable":true,"href":"https:\/\/archive.sana.sy\/es\/index.php?rest_route=%2Fwp%2Fv2%2Ftags&post=346498"}],"curies":[{"name":"wp","href":"https:\/\/api.w.org\/{rel}","templated":true}]}}