{"id":346500,"date":"2025-02-04T16:50:13","date_gmt":"2025-02-04T13:50:13","guid":{"rendered":"https:\/\/sana.sy\/es\/?p=346500"},"modified":"2025-02-04T16:50:13","modified_gmt":"2025-02-04T13:50:13","slug":"debaten-las-vias-de-mejorar-la-atencion-medica-a-los-ninos-con-cancer-en-siria","status":"publish","type":"post","link":"https:\/\/archive.sana.sy\/es\/?p=346500","title":{"rendered":"Debaten las v\u00edas de mejorar la atenci\u00f3n m\u00e9dica a los ni\u00f1os con c\u00e1ncer en Siria"},"content":{"rendered":"<p style=\"text-align: justify\"><span style=\"color: #800000\"><strong>Damasco, 4 feb (SANA)<\/strong> <\/span>El ministro interino de Salud, Maher Al-Sharaa, se reuni\u00f3 este martes con la junta directiva de la Asociaci\u00f3n Basma para el Tratamiento de Ni\u00f1os con C\u00e1ncer.<\/p>\n<p style=\"text-align: justify\">Durante el encuentro, se destac\u00f3 la necesidad de blindar la cooperaci\u00f3n entre la Asociaci\u00f3n y el Ministerio para brindar los mejores servicios de salud a los ni\u00f1os con c\u00e1ncer en Siria.<\/p>\n<p style=\"text-align: justify\">El titular Al-Sharaa hizo \u00e9nfasis en la importancia del trabajo de las asociaciones que apoyan al sector de la salud, especialmente a la luz de las circunstancias actuales que atraviesa este sector debido a la corrupci\u00f3n durante el per\u00edodo anterior.<\/p>\n<p style=\"text-align: justify\">Asimismo destac\u00f3 que el Ministerio presta gran atenci\u00f3n a los pacientes con c\u00e1ncer en general y los ni\u00f1os en particular, y valor\u00f3 los esfuerzos desempe\u00f1ados por \u201cBasma\u201d en materia del diagn\u00f3stico, tratamiento y la reducci\u00f3n de las cargas financieras de los pacientes con c\u00e1ncer.<\/p>\n<p style=\"text-align: justify\">\n<p style=\"text-align: justify\">\n","protected":false},"excerpt":{"rendered":"<p>Damasco, 4 feb (SANA) El ministro interino de Salud, Maher Al-Sharaa, se reuni\u00f3 este martes con la junta directiva de la Asociaci\u00f3n Basma para el Tratamiento de Ni\u00f1os con C\u00e1ncer. Durante el encuentro, se destac\u00f3 la necesidad de blindar la cooperaci\u00f3n entre la Asociaci\u00f3n y el Ministerio para brindar los mejores servicios de salud a &hellip;<\/p>\n","protected":false},"author":24,"featured_media":346501,"comment_status":"closed","ping_status":"closed","sticky":false,"template":"","format":"standard","meta":{"footnotes":""},"categories":[447,597,20724,476,448,7541],"tags":[],"class_list":["post-346500","post","type-post","status-publish","format-standard","has-post-thumbnail","","category-local-politica","category-cinta-de-noticias","category-minuto-a-minuto","category-locales","category-noticias","category-ultimas-noticias"],"_links":{"self":[{"href":"https:\/\/archive.sana.sy\/es\/index.php?rest_route=\/wp\/v2\/posts\/346500"}],"collection":[{"href":"https:\/\/archive.sana.sy\/es\/index.php?rest_route=\/wp\/v2\/posts"}],"about":[{"href":"https:\/\/archive.sana.sy\/es\/index.php?rest_route=\/wp\/v2\/types\/post"}],"author":[{"embeddable":true,"href":"https:\/\/archive.sana.sy\/es\/index.php?rest_route=\/wp\/v2\/users\/24"}],"replies":[{"embeddable":true,"href":"https:\/\/archive.sana.sy\/es\/index.php?rest_route=%2Fwp%2Fv2%2Fcomments&post=346500"}],"version-history":[{"count":1,"href":"https:\/\/archive.sana.sy\/es\/index.php?rest_route=\/wp\/v2\/posts\/346500\/revisions"}],"predecessor-version":[{"id":346502,"href":"https:\/\/archive.sana.sy\/es\/index.php?rest_route=\/wp\/v2\/posts\/346500\/revisions\/346502"}],"wp:featuredmedia":[{"embeddable":true,"href":"https:\/\/archive.sana.sy\/es\/index.php?rest_route=\/wp\/v2\/media\/346501"}],"wp:attachment":[{"href":"https:\/\/archive.sana.sy\/es\/index.php?rest_route=%2Fwp%2Fv2%2Fmedia&parent=346500"}],"wp:term":[{"taxonomy":"category","embeddable":true,"href":"https:\/\/archive.sana.sy\/es\/index.php?rest_route=%2Fwp%2Fv2%2Fcategories&post=346500"},{"taxonomy":"post_tag","embeddable":true,"href":"https:\/\/archive.sana.sy\/es\/index.php?rest_route=%2Fwp%2Fv2%2Ftags&post=346500"}],"curies":[{"name":"wp","href":"https:\/\/api.w.org\/{rel}","templated":true}]}}