{"id":346531,"date":"2025-02-04T18:00:34","date_gmt":"2025-02-04T15:00:34","guid":{"rendered":"https:\/\/sana.sy\/es\/?p=346531"},"modified":"2025-02-04T19:11:16","modified_gmt":"2025-02-04T16:11:16","slug":"rey-de-marruecos-felicita-al-presidente-al-sharaa","status":"publish","type":"post","link":"https:\/\/archive.sana.sy\/es\/?p=346531","title":{"rendered":"Rey de Marruecos felicita al presidente Al-Sharaa"},"content":{"rendered":"<p style=\"text-align: justify\"><span style=\"color: #800000\"><strong>Rabat, 4 feb (SANA)<\/strong> <\/span>El Rey Mohamed VI, Rey de Marruecos, felicit\u00f3 al Ahmad Al-Sharaa, Presidente de la Rep\u00fablica \u00c1rabe Siria, por haber asumido la presidencia del pa\u00eds en la fase de transici\u00f3n.<\/p>\n<p style=\"text-align: justify\">El Rey reiter\u00f3 el apoyo y el respaldo de su pa\u00eds al hermano pueblo sirio para lograr sus aspiraciones de libertad, tranquilidad y estabilidad.<\/p>\n","protected":false},"excerpt":{"rendered":"<p>Rabat, 4 feb (SANA) El Rey Mohamed VI, Rey de Marruecos, felicit\u00f3 al Ahmad Al-Sharaa, Presidente de la Rep\u00fablica \u00c1rabe Siria, por haber asumido la presidencia del pa\u00eds en la fase de transici\u00f3n. El Rey reiter\u00f3 el apoyo y el respaldo de su pa\u00eds al hermano pueblo sirio para lograr sus aspiraciones de libertad, tranquilidad &hellip;<\/p>\n","protected":false},"author":24,"featured_media":346532,"comment_status":"closed","ping_status":"closed","sticky":false,"template":"","format":"standard","meta":{"footnotes":""},"categories":[597,20724,467,583],"tags":[],"class_list":["post-346531","post","type-post","status-publish","format-standard","has-post-thumbnail","","category-cinta-de-noticias","category-minuto-a-minuto","category-siria-y-el-mundo","category-slide"],"_links":{"self":[{"href":"https:\/\/archive.sana.sy\/es\/index.php?rest_route=\/wp\/v2\/posts\/346531"}],"collection":[{"href":"https:\/\/archive.sana.sy\/es\/index.php?rest_route=\/wp\/v2\/posts"}],"about":[{"href":"https:\/\/archive.sana.sy\/es\/index.php?rest_route=\/wp\/v2\/types\/post"}],"author":[{"embeddable":true,"href":"https:\/\/archive.sana.sy\/es\/index.php?rest_route=\/wp\/v2\/users\/24"}],"replies":[{"embeddable":true,"href":"https:\/\/archive.sana.sy\/es\/index.php?rest_route=%2Fwp%2Fv2%2Fcomments&post=346531"}],"version-history":[{"count":2,"href":"https:\/\/archive.sana.sy\/es\/index.php?rest_route=\/wp\/v2\/posts\/346531\/revisions"}],"predecessor-version":[{"id":346534,"href":"https:\/\/archive.sana.sy\/es\/index.php?rest_route=\/wp\/v2\/posts\/346531\/revisions\/346534"}],"wp:featuredmedia":[{"embeddable":true,"href":"https:\/\/archive.sana.sy\/es\/index.php?rest_route=\/wp\/v2\/media\/346532"}],"wp:attachment":[{"href":"https:\/\/archive.sana.sy\/es\/index.php?rest_route=%2Fwp%2Fv2%2Fmedia&parent=346531"}],"wp:term":[{"taxonomy":"category","embeddable":true,"href":"https:\/\/archive.sana.sy\/es\/index.php?rest_route=%2Fwp%2Fv2%2Fcategories&post=346531"},{"taxonomy":"post_tag","embeddable":true,"href":"https:\/\/archive.sana.sy\/es\/index.php?rest_route=%2Fwp%2Fv2%2Ftags&post=346531"}],"curies":[{"name":"wp","href":"https:\/\/api.w.org\/{rel}","templated":true}]}}